{"id":2495,"date":"2025-09-05T15:06:26","date_gmt":"2025-09-05T18:06:26","guid":{"rendered":"https:\/\/www.redesalvatoriana.org.br\/padrejordan\/blog\/?p=2495"},"modified":"2025-09-05T15:06:26","modified_gmt":"2025-09-05T18:06:26","slug":"chegou-a-15o-edicao-da-revista-vida-salvatoriana-venha-conferir","status":"publish","type":"post","link":"https:\/\/www.redesalvatoriana.org.br\/padrejordan\/blog\/2025\/09\/05\/chegou-a-15o-edicao-da-revista-vida-salvatoriana-venha-conferir\/","title":{"rendered":"Chegou a 15\u00ba Edi\u00e7\u00e3o da Revista Vida Salvatoriana, venha conferir!"},"content":{"rendered":"<p>A Revista Vida Salvatoriana chega \u00e0 sua 15\u00aa edi\u00e7\u00e3o celebrando uma trajet\u00f3ria marcada por f\u00e9, compromisso e transforma\u00e7\u00e3o. Mais do que uma publica\u00e7\u00e3o institucional, a revista \u00e9 um reflexo vivo da miss\u00e3o das Irm\u00e3s Salvatorianas no Brasil e um retrato do trabalho que pulsa em cada unidade da Rede Salvatoriana \u2014 da educa\u00e7\u00e3o \u00e0 sa\u00fade, dos projetos sociais \u00e0s a\u00e7\u00f5es pastorais.<\/p>\n<p>Nesta edi\u00e7\u00e3o especial, que antecipa as comemora\u00e7\u00f5es pelos 90 anos da presen\u00e7a das Irm\u00e3s Salvatorianas no Brasil, em 2026, o leitor \u00e9 convidado a percorrer um caminho de mem\u00f3rias, conquistas e, principalmente, de renova\u00e7\u00e3o. O editorial da revista ressalta esse esp\u00edrito: gratid\u00e3o pelo caminho percorrido e esperan\u00e7a para os novos tempos, inspirados pelo carisma do Bem-aventurado Francisco Jordan e da Bem-aventurada Maria dos Ap\u00f3stolos.<\/p>\n<p>A revista tamb\u00e9m apresenta a nova identidade da Rede Salvatoriana \u2014 mais do que um visual atualizado, trata-se da express\u00e3o de um tempo novo, que valoriza a tradi\u00e7\u00e3o, vive o presente com coragem e projeta o futuro com f\u00e9.<\/p>\n<p>\ud83d\udcd6 O que voc\u00ea vai encontrar nesta edi\u00e7\u00e3o?<br \/>\nA Revista Vida Salvatoriana re\u00fane conte\u00fados que refletem a diversidade e a vitalidade das a\u00e7\u00f5es realizadas em toda a Rede. Entre os destaques:<\/p>\n<p>A miss\u00e3o salvatoriana e seu caminho de ressignifica\u00e7\u00e3o no Brasil.<\/p>\n<p>Projetos educacionais inovadores e integradores, como o Hub Educacional, o ensino bil\u00edngue, o antibullying e o fortalecimento da rela\u00e7\u00e3o escola-fam\u00edlia.<\/p>\n<p>A celebra\u00e7\u00e3o dos 75 anos do Col\u00e9gio Salvatoriano Bom Conselho, com novos espa\u00e7os, novas ideias e o mesmo compromisso com a forma\u00e7\u00e3o integral.<\/p>\n<p>A atua\u00e7\u00e3o socioambiental e hospitalar, com foco no cuidado com a vida, sustentabilidade e inova\u00e7\u00e3o na sa\u00fade.<\/p>\n<p>Reflex\u00f5es atuais sobre ora\u00e7\u00e3o, espiritualidade, leitura na era digital, arte na educa\u00e7\u00e3o, campanhas sociais e temas globais como a COP 30 e a Ecologia Integral.<\/p>\n<p>Cada p\u00e1gina \u00e9 um convite \u00e0 reflex\u00e3o e ao reencontro com os valores salvatorianos, que promovem o cuidado com a vida, a justi\u00e7a e a fraternidade universal.<\/p>\n<p>\ud83d\udca1 Por que ler?<br \/>\nPorque esta revista n\u00e3o fala apenas sobre a Rede Salvatoriana \u2014 ela fala com voc\u00ea, que acredita na for\u00e7a da educa\u00e7\u00e3o, na transforma\u00e7\u00e3o pela f\u00e9, no poder do cuidado e na import\u00e2ncia do bem comum. \u00c9 uma leitura que inspira, emociona e aproxima.<\/p>\n<p>\ud83d\udccc Acesse agora a 15\u00aa edi\u00e7\u00e3o da Revista Vida Salvatoriana e descubra tudo o que acontece em nossas escolas, hospitais e comunidades.<\/p>\n<p>\ud83d\udc49<strong> Acesse a REVISTA <a href=\"https:\/\/www.redesalvatoriana.org.br\/padrejordan\/uploads\/multimedia\/53\/multimedia_e4e8951041.pdf\">AQUI<\/a><\/strong><\/p>\n<p><strong>Rede Salvatoriana: saber que vai al\u00e9m!<\/strong><\/p>\n","protected":false},"excerpt":{"rendered":"<p>A Revista Vida Salvatoriana chega \u00e0 sua 15\u00aa edi\u00e7\u00e3o celebrando uma trajet\u00f3ria marcada por f\u00e9, compromisso e transforma\u00e7\u00e3o. Mais do que uma publica\u00e7\u00e3o institucional, a revista \u00e9 um reflexo vivo da miss\u00e3o das Irm\u00e3s Salvatorianas no Brasil e um retrato do trabalho que pulsa em cada unidade da Rede Salvatoriana \u2014 da educa\u00e7\u00e3o \u00e0 sa\u00fade, [&hellip;]<\/p>\n","protected":false},"author":3,"featured_media":2498,"comment_status":"open","ping_status":"open","sticky":false,"template":"","format":"standard","meta":[],"categories":[6],"tags":[43],"_links":{"self":[{"href":"https:\/\/www.redesalvatoriana.org.br\/padrejordan\/blog\/wp-json\/wp\/v2\/posts\/2495"}],"collection":[{"href":"https:\/\/www.redesalvatoriana.org.br\/padrejordan\/blog\/wp-json\/wp\/v2\/posts"}],"about":[{"href":"https:\/\/www.redesalvatoriana.org.br\/padrejordan\/blog\/wp-json\/wp\/v2\/types\/post"}],"author":[{"embeddable":true,"href":"https:\/\/www.redesalvatoriana.org.br\/padrejordan\/blog\/wp-json\/wp\/v2\/users\/3"}],"replies":[{"embeddable":true,"href":"https:\/\/www.redesalvatoriana.org.br\/padrejordan\/blog\/wp-json\/wp\/v2\/comments?post=2495"}],"version-history":[{"count":1,"href":"https:\/\/www.redesalvatoriana.org.br\/padrejordan\/blog\/wp-json\/wp\/v2\/posts\/2495\/revisions"}],"predecessor-version":[{"id":2499,"href":"https:\/\/www.redesalvatoriana.org.br\/padrejordan\/blog\/wp-json\/wp\/v2\/posts\/2495\/revisions\/2499"}],"wp:featuredmedia":[{"embeddable":true,"href":"https:\/\/www.redesalvatoriana.org.br\/padrejordan\/blog\/wp-json\/wp\/v2\/media\/2498"}],"wp:attachment":[{"href":"https:\/\/www.redesalvatoriana.org.br\/padrejordan\/blog\/wp-json\/wp\/v2\/media?parent=2495"}],"wp:term":[{"taxonomy":"category","embeddable":true,"href":"https:\/\/www.redesalvatoriana.org.br\/padrejordan\/blog\/wp-json\/wp\/v2\/categories?post=2495"},{"taxonomy":"post_tag","embeddable":true,"href":"https:\/\/www.redesalvatoriana.org.br\/padrejordan\/blog\/wp-json\/wp\/v2\/tags?post=2495"}],"curies":[{"name":"wp","href":"https:\/\/api.w.org\/{rel}","templated":true}]}}