{"id":2465,"date":"2023-03-31T14:26:19","date_gmt":"2023-03-31T17:26:19","guid":{"rendered":"https:\/\/www.redesalvatoriana.org.br\/padrejordan\/blog\/?p=2465"},"modified":"2023-03-31T14:26:19","modified_gmt":"2023-03-31T17:26:19","slug":"tem-inicio-o-programa-de-prevencao-as-drogas-e-violencia-proerd-com-os-alunos-dos-quintos-anos","status":"publish","type":"post","link":"https:\/\/www.redesalvatoriana.org.br\/padrejordan\/blog\/2023\/03\/31\/tem-inicio-o-programa-de-prevencao-as-drogas-e-violencia-proerd-com-os-alunos-dos-quintos-anos\/","title":{"rendered":"Tem in\u00edcio o Programa de Preven\u00e7\u00e3o \u00e0s Drogas e Viol\u00eancia (PROERD) com os alunos dos quintos anos"},"content":{"rendered":"<p>Esse m\u00eas, iniciamos o Programa Educacional de Resist\u00eancia \u00e0s Drogas e \u00e0 Viol\u00eancia (PROERD), em parceria com a Pol\u00edcia Militar de Florian\u00f3polis. O foco desse programa s\u00e3o os estudantes do quinto ano. Esse curso \u00e9 ministrado por policiais militares volunt\u00e1rios, capacitados pedagogicamente, em parceria com pais, professores, estudantes e comunidades. Com \u00eanfase na preven\u00e7\u00e3o ao uso de drogas, as aulas mostram ao estudante como se manter longe de m\u00e1s companhias, a evitar a viol\u00eancia, a resistir \u00e0s press\u00f5es diretas ou indiretas e a sempre acionar os pais ou respons\u00e1veis quando necess\u00e1rio. O curso realiza encontros uma vez por semana com dura\u00e7\u00e3o de 4 meses e ao final do projeto \u00e9 feita uma formatura para entrega dos certificados aos estudantes que participaram.<\/p>\n<p><img decoding=\"async\" loading=\"lazy\" class=\"wp-image-2467 alignleft\" src=\"https:\/\/www.redesalvatoriana.org.br\/padrejordan\/blog\/wp-content\/uploads\/2023\/03\/proerd02-458x458.png\" alt=\"\" width=\"380\" height=\"380\" srcset=\"https:\/\/www.redesalvatoriana.org.br\/padrejordan\/blog\/wp-content\/uploads\/2023\/03\/proerd02-458x458.png 458w, https:\/\/www.redesalvatoriana.org.br\/padrejordan\/blog\/wp-content\/uploads\/2023\/03\/proerd02-768x768.png 768w, https:\/\/www.redesalvatoriana.org.br\/padrejordan\/blog\/wp-content\/uploads\/2023\/03\/proerd02.png 1080w\" sizes=\"(max-width: 380px) 100vw, 380px\" \/><\/p>\n","protected":false},"excerpt":{"rendered":"<p>Esse m\u00eas, iniciamos o Programa Educacional de Resist\u00eancia \u00e0s Drogas e \u00e0 Viol\u00eancia (PROERD), em parceria com a Pol\u00edcia Militar de Florian\u00f3polis. O foco desse programa s\u00e3o os estudantes do quinto ano. Esse curso \u00e9 ministrado por policiais militares volunt\u00e1rios, capacitados pedagogicamente, em parceria com pais, professores, estudantes e comunidades. Com \u00eanfase na preven\u00e7\u00e3o ao [&hellip;]<\/p>\n","protected":false},"author":3,"featured_media":2466,"comment_status":"open","ping_status":"open","sticky":false,"template":"","format":"standard","meta":[],"categories":[5],"tags":[],"_links":{"self":[{"href":"https:\/\/www.redesalvatoriana.org.br\/padrejordan\/blog\/wp-json\/wp\/v2\/posts\/2465"}],"collection":[{"href":"https:\/\/www.redesalvatoriana.org.br\/padrejordan\/blog\/wp-json\/wp\/v2\/posts"}],"about":[{"href":"https:\/\/www.redesalvatoriana.org.br\/padrejordan\/blog\/wp-json\/wp\/v2\/types\/post"}],"author":[{"embeddable":true,"href":"https:\/\/www.redesalvatoriana.org.br\/padrejordan\/blog\/wp-json\/wp\/v2\/users\/3"}],"replies":[{"embeddable":true,"href":"https:\/\/www.redesalvatoriana.org.br\/padrejordan\/blog\/wp-json\/wp\/v2\/comments?post=2465"}],"version-history":[{"count":1,"href":"https:\/\/www.redesalvatoriana.org.br\/padrejordan\/blog\/wp-json\/wp\/v2\/posts\/2465\/revisions"}],"predecessor-version":[{"id":2468,"href":"https:\/\/www.redesalvatoriana.org.br\/padrejordan\/blog\/wp-json\/wp\/v2\/posts\/2465\/revisions\/2468"}],"wp:featuredmedia":[{"embeddable":true,"href":"https:\/\/www.redesalvatoriana.org.br\/padrejordan\/blog\/wp-json\/wp\/v2\/media\/2466"}],"wp:attachment":[{"href":"https:\/\/www.redesalvatoriana.org.br\/padrejordan\/blog\/wp-json\/wp\/v2\/media?parent=2465"}],"wp:term":[{"taxonomy":"category","embeddable":true,"href":"https:\/\/www.redesalvatoriana.org.br\/padrejordan\/blog\/wp-json\/wp\/v2\/categories?post=2465"},{"taxonomy":"post_tag","embeddable":true,"href":"https:\/\/www.redesalvatoriana.org.br\/padrejordan\/blog\/wp-json\/wp\/v2\/tags?post=2465"}],"curies":[{"name":"wp","href":"https:\/\/api.w.org\/{rel}","templated":true}]}}