{"id":2448,"date":"2022-11-22T18:23:35","date_gmt":"2022-11-22T21:23:35","guid":{"rendered":"https:\/\/www.redesalvatoriana.org.br\/padrejordan\/blog\/?p=2448"},"modified":"2022-11-22T18:23:35","modified_gmt":"2022-11-22T21:23:35","slug":"natal-dos-estudantes","status":"publish","type":"post","link":"https:\/\/www.redesalvatoriana.org.br\/padrejordan\/blog\/2022\/11\/22\/natal-dos-estudantes\/","title":{"rendered":"Natal dos Estudantes"},"content":{"rendered":"<p>Na noite de ontem, 21 de novembro, a Comunidade Educativa do Col\u00e9gio Salvatoriano Padre Jordan se reuniu para reviver em prosa e verso, m\u00fasica e dan\u00e7a o Mist\u00e9rio da Encarna\u00e7\u00e3o do Filho de Deus em nossa hist\u00f3ria.<\/p>\n<p>Estudantes, educadores e familiares puderam celebrar e renovar a convic\u00e7\u00e3o de que &#8220;A vida renasce quando testemunhamos Jesus Salvador&#8221;.<\/p>\n<p>Confira as imagens deste momento.<\/p>\n<p><iframe loading=\"lazy\" src=\"https:\/\/www.facebook.com\/plugins\/post.php?href=https%3A%2F%2Fwww.facebook.com%2Fcspadrejordan%2Fposts%2Fpfbid02bN8vDpM1Rmo7HAkaFBppJ8i6vVT2sZU7DCZZdsnWtKZ3seBnZDxA4KSnX9NDYkrDl&#038;show_text=true&#038;width=500\" width=\"500\" height=\"754\" style=\"border:none;overflow:hidden\" scrolling=\"no\" frameborder=\"0\" allowfullscreen=\"true\" allow=\"autoplay; clipboard-write; encrypted-media; picture-in-picture; web-share\"><\/iframe><\/p>\n","protected":false},"excerpt":{"rendered":"<p>Na noite de ontem, 21 de novembro, a Comunidade Educativa do Col\u00e9gio Salvatoriano Padre Jordan se reuniu para reviver em prosa e verso, m\u00fasica e dan\u00e7a o Mist\u00e9rio da Encarna\u00e7\u00e3o do Filho de Deus em nossa hist\u00f3ria. Estudantes, educadores e familiares puderam celebrar e renovar a convic\u00e7\u00e3o de que &#8220;A vida renasce quando testemunhamos Jesus [&hellip;]<\/p>\n","protected":false},"author":3,"featured_media":2449,"comment_status":"open","ping_status":"open","sticky":false,"template":"","format":"standard","meta":[],"categories":[6],"tags":[43],"_links":{"self":[{"href":"https:\/\/www.redesalvatoriana.org.br\/padrejordan\/blog\/wp-json\/wp\/v2\/posts\/2448"}],"collection":[{"href":"https:\/\/www.redesalvatoriana.org.br\/padrejordan\/blog\/wp-json\/wp\/v2\/posts"}],"about":[{"href":"https:\/\/www.redesalvatoriana.org.br\/padrejordan\/blog\/wp-json\/wp\/v2\/types\/post"}],"author":[{"embeddable":true,"href":"https:\/\/www.redesalvatoriana.org.br\/padrejordan\/blog\/wp-json\/wp\/v2\/users\/3"}],"replies":[{"embeddable":true,"href":"https:\/\/www.redesalvatoriana.org.br\/padrejordan\/blog\/wp-json\/wp\/v2\/comments?post=2448"}],"version-history":[{"count":1,"href":"https:\/\/www.redesalvatoriana.org.br\/padrejordan\/blog\/wp-json\/wp\/v2\/posts\/2448\/revisions"}],"predecessor-version":[{"id":2450,"href":"https:\/\/www.redesalvatoriana.org.br\/padrejordan\/blog\/wp-json\/wp\/v2\/posts\/2448\/revisions\/2450"}],"wp:featuredmedia":[{"embeddable":true,"href":"https:\/\/www.redesalvatoriana.org.br\/padrejordan\/blog\/wp-json\/wp\/v2\/media\/2449"}],"wp:attachment":[{"href":"https:\/\/www.redesalvatoriana.org.br\/padrejordan\/blog\/wp-json\/wp\/v2\/media?parent=2448"}],"wp:term":[{"taxonomy":"category","embeddable":true,"href":"https:\/\/www.redesalvatoriana.org.br\/padrejordan\/blog\/wp-json\/wp\/v2\/categories?post=2448"},{"taxonomy":"post_tag","embeddable":true,"href":"https:\/\/www.redesalvatoriana.org.br\/padrejordan\/blog\/wp-json\/wp\/v2\/tags?post=2448"}],"curies":[{"name":"wp","href":"https:\/\/api.w.org\/{rel}","templated":true}]}}