{"id":2441,"date":"2022-11-04T15:14:06","date_gmt":"2022-11-04T18:14:06","guid":{"rendered":"https:\/\/www.redesalvatoriana.org.br\/padrejordan\/blog\/?p=2441"},"modified":"2022-11-04T15:14:37","modified_gmt":"2022-11-04T18:14:37","slug":"mostra-do-conhecimento-2022","status":"publish","type":"post","link":"https:\/\/www.redesalvatoriana.org.br\/padrejordan\/blog\/2022\/11\/04\/mostra-do-conhecimento-2022\/","title":{"rendered":"Mostra do Conhecimento 2022"},"content":{"rendered":"<p>Realizada no \u00faltimo s\u00e1bado, estudantes e educadores esbanjaram alegria e muito conhecimento, que foi compartilhado com toda a comunidade educativa na Mostra do Conhecimento. <\/p>\n<p>Estudantes do Fundamental 1 e 2  apresentaram quest\u00f5es muito importantes nos dias atuais, meio-ambiente, sustentabilidade, cultura, m\u00fasica, ludicidade e identidade Salvatoriana.<\/p>\n<p>Tudo isso, refletido a partir da alegria como luz da vida, impulsionou as a\u00e7\u00f5es pedag\u00f3gicas deste grande evento.<\/p>\n<p><iframe loading=\"lazy\" src=\"https:\/\/www.facebook.com\/plugins\/post.php?href=https%3A%2F%2Fwww.facebook.com%2Fcspadrejordan%2Fposts%2Fpfbid029MVsiX5tnC6N5uZM1H4Fu7ubKpmZb9cZ4zh5zM68taQzCicHsjSavGkrMq4NmjWal&#038;show_text=true&#038;width=500\" width=\"500\" height=\"793\" style=\"border:none;overflow:hidden\" scrolling=\"no\" frameborder=\"0\" allowfullscreen=\"true\" allow=\"autoplay; clipboard-write; encrypted-media; picture-in-picture; web-share\"><\/iframe><\/p>\n","protected":false},"excerpt":{"rendered":"<p>Realizada no \u00faltimo s\u00e1bado, estudantes e educadores esbanjaram alegria e muito conhecimento, que foi compartilhado com toda a comunidade educativa na Mostra do Conhecimento. Estudantes do Fundamental 1 e 2 apresentaram quest\u00f5es muito importantes nos dias atuais, meio-ambiente, sustentabilidade, cultura, m\u00fasica, ludicidade e identidade Salvatoriana. Tudo isso, refletido a partir da alegria como luz da [&hellip;]<\/p>\n","protected":false},"author":3,"featured_media":2442,"comment_status":"open","ping_status":"open","sticky":false,"template":"","format":"standard","meta":[],"categories":[6],"tags":[43],"_links":{"self":[{"href":"https:\/\/www.redesalvatoriana.org.br\/padrejordan\/blog\/wp-json\/wp\/v2\/posts\/2441"}],"collection":[{"href":"https:\/\/www.redesalvatoriana.org.br\/padrejordan\/blog\/wp-json\/wp\/v2\/posts"}],"about":[{"href":"https:\/\/www.redesalvatoriana.org.br\/padrejordan\/blog\/wp-json\/wp\/v2\/types\/post"}],"author":[{"embeddable":true,"href":"https:\/\/www.redesalvatoriana.org.br\/padrejordan\/blog\/wp-json\/wp\/v2\/users\/3"}],"replies":[{"embeddable":true,"href":"https:\/\/www.redesalvatoriana.org.br\/padrejordan\/blog\/wp-json\/wp\/v2\/comments?post=2441"}],"version-history":[{"count":1,"href":"https:\/\/www.redesalvatoriana.org.br\/padrejordan\/blog\/wp-json\/wp\/v2\/posts\/2441\/revisions"}],"predecessor-version":[{"id":2443,"href":"https:\/\/www.redesalvatoriana.org.br\/padrejordan\/blog\/wp-json\/wp\/v2\/posts\/2441\/revisions\/2443"}],"wp:featuredmedia":[{"embeddable":true,"href":"https:\/\/www.redesalvatoriana.org.br\/padrejordan\/blog\/wp-json\/wp\/v2\/media\/2442"}],"wp:attachment":[{"href":"https:\/\/www.redesalvatoriana.org.br\/padrejordan\/blog\/wp-json\/wp\/v2\/media?parent=2441"}],"wp:term":[{"taxonomy":"category","embeddable":true,"href":"https:\/\/www.redesalvatoriana.org.br\/padrejordan\/blog\/wp-json\/wp\/v2\/categories?post=2441"},{"taxonomy":"post_tag","embeddable":true,"href":"https:\/\/www.redesalvatoriana.org.br\/padrejordan\/blog\/wp-json\/wp\/v2\/tags?post=2441"}],"curies":[{"name":"wp","href":"https:\/\/api.w.org\/{rel}","templated":true}]}}