{"id":2437,"date":"2022-10-20T17:29:30","date_gmt":"2022-10-20T20:29:30","guid":{"rendered":"https:\/\/www.redesalvatoriana.org.br\/padrejordan\/blog\/?p=2437"},"modified":"2022-10-20T17:29:30","modified_gmt":"2022-10-20T20:29:30","slug":"saida-de-estudos-1o-ano","status":"publish","type":"post","link":"https:\/\/www.redesalvatoriana.org.br\/padrejordan\/blog\/2022\/10\/20\/saida-de-estudos-1o-ano\/","title":{"rendered":"Sa\u00edda de Estudos &#8211; 1\u00ba ano"},"content":{"rendered":"<p>Um pouquinho da sa\u00edda de estudos dos estudantes do primeiro ano, momento de muito aprendizado e alegria.<br \/>\nRela\u00e7\u00e3o com a natureza, uma experi\u00eancia concreta diante do cuidado com a vida.<\/p>\n<p><iframe loading=\"lazy\" src=\"https:\/\/www.facebook.com\/plugins\/post.php?href=https%3A%2F%2Fwww.facebook.com%2Fcspadrejordan%2Fposts%2Fpfbid024xV5bpdE5v9Su7HfHSPjpDJ4Jeh8P8nwd3jcTZwURyf79LHJqNLTbToqSH3hMgYul&#038;show_text=true&#038;width=500\" width=\"500\" height=\"729\" style=\"border:none;overflow:hidden\" scrolling=\"no\" frameborder=\"0\" allowfullscreen=\"true\" allow=\"autoplay; clipboard-write; encrypted-media; picture-in-picture; web-share\"><\/iframe><\/p>\n","protected":false},"excerpt":{"rendered":"<p>Um pouquinho da sa\u00edda de estudos dos estudantes do primeiro ano, momento de muito aprendizado e alegria. Rela\u00e7\u00e3o com a natureza, uma experi\u00eancia concreta diante do cuidado com a vida.<\/p>\n","protected":false},"author":3,"featured_media":2438,"comment_status":"open","ping_status":"open","sticky":false,"template":"","format":"standard","meta":[],"categories":[5],"tags":[43],"_links":{"self":[{"href":"https:\/\/www.redesalvatoriana.org.br\/padrejordan\/blog\/wp-json\/wp\/v2\/posts\/2437"}],"collection":[{"href":"https:\/\/www.redesalvatoriana.org.br\/padrejordan\/blog\/wp-json\/wp\/v2\/posts"}],"about":[{"href":"https:\/\/www.redesalvatoriana.org.br\/padrejordan\/blog\/wp-json\/wp\/v2\/types\/post"}],"author":[{"embeddable":true,"href":"https:\/\/www.redesalvatoriana.org.br\/padrejordan\/blog\/wp-json\/wp\/v2\/users\/3"}],"replies":[{"embeddable":true,"href":"https:\/\/www.redesalvatoriana.org.br\/padrejordan\/blog\/wp-json\/wp\/v2\/comments?post=2437"}],"version-history":[{"count":1,"href":"https:\/\/www.redesalvatoriana.org.br\/padrejordan\/blog\/wp-json\/wp\/v2\/posts\/2437\/revisions"}],"predecessor-version":[{"id":2439,"href":"https:\/\/www.redesalvatoriana.org.br\/padrejordan\/blog\/wp-json\/wp\/v2\/posts\/2437\/revisions\/2439"}],"wp:featuredmedia":[{"embeddable":true,"href":"https:\/\/www.redesalvatoriana.org.br\/padrejordan\/blog\/wp-json\/wp\/v2\/media\/2438"}],"wp:attachment":[{"href":"https:\/\/www.redesalvatoriana.org.br\/padrejordan\/blog\/wp-json\/wp\/v2\/media?parent=2437"}],"wp:term":[{"taxonomy":"category","embeddable":true,"href":"https:\/\/www.redesalvatoriana.org.br\/padrejordan\/blog\/wp-json\/wp\/v2\/categories?post=2437"},{"taxonomy":"post_tag","embeddable":true,"href":"https:\/\/www.redesalvatoriana.org.br\/padrejordan\/blog\/wp-json\/wp\/v2\/tags?post=2437"}],"curies":[{"name":"wp","href":"https:\/\/api.w.org\/{rel}","templated":true}]}}