{"id":2430,"date":"2022-10-17T10:21:00","date_gmt":"2022-10-17T13:21:00","guid":{"rendered":"https:\/\/www.redesalvatoriana.org.br\/padrejordan\/blog\/?p=2430"},"modified":"2022-10-17T10:21:00","modified_gmt":"2022-10-17T13:21:00","slug":"dia-das-criancas","status":"publish","type":"post","link":"https:\/\/www.redesalvatoriana.org.br\/padrejordan\/blog\/2022\/10\/17\/dia-das-criancas\/","title":{"rendered":"Dia das Crian\u00e7as"},"content":{"rendered":"<p>O Dia da Crian\u00e7a foi celebrado com muita alegria, divers\u00e3o e acolhimento. <\/p>\n<p>Nossos estudantes esbanjaram felicidade, sorrisos e muita anima\u00e7\u00e3o. Viva as nossas crian\u00e7as!<\/p>\n<p><iframe loading=\"lazy\" src=\"https:\/\/www.facebook.com\/plugins\/post.php?href=https%3A%2F%2Fwww.facebook.com%2Fcspadrejordan%2Fposts%2Fpfbid028HTTqm3VKNGuaZDCmPcBx3CVnUWVDb9Xv7ALisdQxP5MPHKDKBgNC7HnpgyxNunAl&#038;show_text=true&#038;width=500\" width=\"500\" height=\"715\" style=\"border:none;overflow:hidden\" scrolling=\"no\" frameborder=\"0\" allowfullscreen=\"true\" allow=\"autoplay; clipboard-write; encrypted-media; picture-in-picture; web-share\"><\/iframe><\/p>\n","protected":false},"excerpt":{"rendered":"<p>O Dia da Crian\u00e7a foi celebrado com muita alegria, divers\u00e3o e acolhimento. Nossos estudantes esbanjaram felicidade, sorrisos e muita anima\u00e7\u00e3o. Viva as nossas crian\u00e7as!<\/p>\n","protected":false},"author":3,"featured_media":0,"comment_status":"open","ping_status":"open","sticky":false,"template":"","format":"standard","meta":[],"categories":[6],"tags":[43],"_links":{"self":[{"href":"https:\/\/www.redesalvatoriana.org.br\/padrejordan\/blog\/wp-json\/wp\/v2\/posts\/2430"}],"collection":[{"href":"https:\/\/www.redesalvatoriana.org.br\/padrejordan\/blog\/wp-json\/wp\/v2\/posts"}],"about":[{"href":"https:\/\/www.redesalvatoriana.org.br\/padrejordan\/blog\/wp-json\/wp\/v2\/types\/post"}],"author":[{"embeddable":true,"href":"https:\/\/www.redesalvatoriana.org.br\/padrejordan\/blog\/wp-json\/wp\/v2\/users\/3"}],"replies":[{"embeddable":true,"href":"https:\/\/www.redesalvatoriana.org.br\/padrejordan\/blog\/wp-json\/wp\/v2\/comments?post=2430"}],"version-history":[{"count":1,"href":"https:\/\/www.redesalvatoriana.org.br\/padrejordan\/blog\/wp-json\/wp\/v2\/posts\/2430\/revisions"}],"predecessor-version":[{"id":2432,"href":"https:\/\/www.redesalvatoriana.org.br\/padrejordan\/blog\/wp-json\/wp\/v2\/posts\/2430\/revisions\/2432"}],"wp:attachment":[{"href":"https:\/\/www.redesalvatoriana.org.br\/padrejordan\/blog\/wp-json\/wp\/v2\/media?parent=2430"}],"wp:term":[{"taxonomy":"category","embeddable":true,"href":"https:\/\/www.redesalvatoriana.org.br\/padrejordan\/blog\/wp-json\/wp\/v2\/categories?post=2430"},{"taxonomy":"post_tag","embeddable":true,"href":"https:\/\/www.redesalvatoriana.org.br\/padrejordan\/blog\/wp-json\/wp\/v2\/tags?post=2430"}],"curies":[{"name":"wp","href":"https:\/\/api.w.org\/{rel}","templated":true}]}}