{"id":2416,"date":"2022-07-14T17:25:22","date_gmt":"2022-07-14T20:25:22","guid":{"rendered":"https:\/\/www.salvatorianas.org.br\/padrejordan\/blog\/?p=2416"},"modified":"2022-07-14T17:25:22","modified_gmt":"2022-07-14T20:25:22","slug":"peregrinacao-da-familia-de-nazare","status":"publish","type":"post","link":"https:\/\/www.redesalvatoriana.org.br\/padrejordan\/blog\/2022\/07\/14\/peregrinacao-da-familia-de-nazare\/","title":{"rendered":"Peregrina\u00e7\u00e3o da Fam\u00edlia de Nazar\u00e9"},"content":{"rendered":"<p>A Ora\u00e7\u00e3o tem um poder de valor incalcul\u00e1vel. Imagina a fam\u00edlia que reza unida. Um grande louvor move o c\u00e9u ao seu favor.<\/p>\n<p>A imagem da Sagrada Fam\u00edlia faz sua peregrina\u00e7\u00e3o pelas par\u00f3quias da Arquidiocese de Florian\u00f3polis, em prepara\u00e7\u00e3o \u00e0 Festa da Fam\u00edlia.<\/p>\n<p>Nos dias 11 a 13 de julho, a Par\u00f3quia de Santo Ant\u00f4nio e Santa Maria Goretti, do Bairro Coloninha, acolheu a visita da Sagrada Fam\u00edlia. Os estudantes do Col\u00e9gio Salvatoriano Padre Jordan visitaram a imagem na Igreja e fizeram sua ora\u00e7\u00e3o pelas fam\u00edlias. Cada grupo visitou os mais diferentes espa\u00e7os de ora\u00e7\u00e3o no interior da Igreja.<\/p>\n<p>Dar valor a fam\u00edlia \u00e9 garantir uma vida mais feliz e de harmonia. O seu sucesso come\u00e7a l\u00e1, com a fam\u00edlia. Deus aben\u00e7oe a minha, a sua e todas as fam\u00edlias da Terra.<\/p>\n<p>Veja fotos:<br \/>\n<iframe loading=\"lazy\" src=\"https:\/\/www.facebook.com\/plugins\/post.php?href=https%3A%2F%2Fwww.facebook.com%2Fcspadrejordan%2Fposts%2Fpfbid0ifh2kQysPvs5BdMWLmK7GrZFmbGvWcaBLY4nwFvEVnWLekMj6XcB14KgRtaAj63Tl&#038;show_text=true&#038;width=500\" width=\"500\" height=\"793\" style=\"border:none;overflow:hidden\" scrolling=\"no\" frameborder=\"0\" allowfullscreen=\"true\" allow=\"autoplay; clipboard-write; encrypted-media; picture-in-picture; web-share\"><\/iframe><\/p>\n","protected":false},"excerpt":{"rendered":"<p>A Ora\u00e7\u00e3o tem um poder de valor incalcul\u00e1vel. Imagina a fam\u00edlia que reza unida. Um grande louvor move o c\u00e9u ao seu favor. A imagem da Sagrada Fam\u00edlia faz sua peregrina\u00e7\u00e3o pelas par\u00f3quias da Arquidiocese de Florian\u00f3polis, em prepara\u00e7\u00e3o \u00e0 Festa da Fam\u00edlia. Nos dias 11 a 13 de julho, a Par\u00f3quia de Santo Ant\u00f4nio [&hellip;]<\/p>\n","protected":false},"author":3,"featured_media":2417,"comment_status":"open","ping_status":"open","sticky":false,"template":"","format":"standard","meta":[],"categories":[6],"tags":[43],"_links":{"self":[{"href":"https:\/\/www.redesalvatoriana.org.br\/padrejordan\/blog\/wp-json\/wp\/v2\/posts\/2416"}],"collection":[{"href":"https:\/\/www.redesalvatoriana.org.br\/padrejordan\/blog\/wp-json\/wp\/v2\/posts"}],"about":[{"href":"https:\/\/www.redesalvatoriana.org.br\/padrejordan\/blog\/wp-json\/wp\/v2\/types\/post"}],"author":[{"embeddable":true,"href":"https:\/\/www.redesalvatoriana.org.br\/padrejordan\/blog\/wp-json\/wp\/v2\/users\/3"}],"replies":[{"embeddable":true,"href":"https:\/\/www.redesalvatoriana.org.br\/padrejordan\/blog\/wp-json\/wp\/v2\/comments?post=2416"}],"version-history":[{"count":1,"href":"https:\/\/www.redesalvatoriana.org.br\/padrejordan\/blog\/wp-json\/wp\/v2\/posts\/2416\/revisions"}],"predecessor-version":[{"id":2418,"href":"https:\/\/www.redesalvatoriana.org.br\/padrejordan\/blog\/wp-json\/wp\/v2\/posts\/2416\/revisions\/2418"}],"wp:featuredmedia":[{"embeddable":true,"href":"https:\/\/www.redesalvatoriana.org.br\/padrejordan\/blog\/wp-json\/wp\/v2\/media\/2417"}],"wp:attachment":[{"href":"https:\/\/www.redesalvatoriana.org.br\/padrejordan\/blog\/wp-json\/wp\/v2\/media?parent=2416"}],"wp:term":[{"taxonomy":"category","embeddable":true,"href":"https:\/\/www.redesalvatoriana.org.br\/padrejordan\/blog\/wp-json\/wp\/v2\/categories?post=2416"},{"taxonomy":"post_tag","embeddable":true,"href":"https:\/\/www.redesalvatoriana.org.br\/padrejordan\/blog\/wp-json\/wp\/v2\/tags?post=2416"}],"curies":[{"name":"wp","href":"https:\/\/api.w.org\/{rel}","templated":true}]}}