{"id":2412,"date":"2022-06-30T16:45:59","date_gmt":"2022-06-30T19:45:59","guid":{"rendered":"https:\/\/www.salvatorianas.org.br\/padrejordan\/blog\/?p=2412"},"modified":"2022-06-30T16:45:59","modified_gmt":"2022-06-30T19:45:59","slug":"festa-junina-2022","status":"publish","type":"post","link":"https:\/\/www.redesalvatoriana.org.br\/padrejordan\/blog\/2022\/06\/30\/festa-junina-2022\/","title":{"rendered":"Festa Junina &#8211; 2022"},"content":{"rendered":"<p>E assim foi o nosso Arrai\u00e1!<\/p>\n<p>No \u00faltimo dia 24 de junho, os estudantes do Ensino Fundamental I e II tiveram suas atividades juninas. Foram dan\u00e7as, brincadeiras e muita comida boa! <\/p>\n<p>Confira alguns registros desses momentos: https:\/\/www.facebook.com\/cspadrejordan\/posts\/pfbid02ifnoxh3U6ssPraC47qtdB33BUdS38zfyqGg9TcuP7xWzdaDuU1vnPuKpcinahgQzl<\/p>\n","protected":false},"excerpt":{"rendered":"<p>E assim foi o nosso Arrai\u00e1! No \u00faltimo dia 24 de junho, os estudantes do Ensino Fundamental I e II tiveram suas atividades juninas. Foram dan\u00e7as, brincadeiras e muita comida boa! Confira alguns registros desses momentos: https:\/\/www.facebook.com\/cspadrejordan\/posts\/pfbid02ifnoxh3U6ssPraC47qtdB33BUdS38zfyqGg9TcuP7xWzdaDuU1vnPuKpcinahgQzl<\/p>\n","protected":false},"author":3,"featured_media":2413,"comment_status":"open","ping_status":"open","sticky":false,"template":"","format":"standard","meta":[],"categories":[6],"tags":[43],"_links":{"self":[{"href":"https:\/\/www.redesalvatoriana.org.br\/padrejordan\/blog\/wp-json\/wp\/v2\/posts\/2412"}],"collection":[{"href":"https:\/\/www.redesalvatoriana.org.br\/padrejordan\/blog\/wp-json\/wp\/v2\/posts"}],"about":[{"href":"https:\/\/www.redesalvatoriana.org.br\/padrejordan\/blog\/wp-json\/wp\/v2\/types\/post"}],"author":[{"embeddable":true,"href":"https:\/\/www.redesalvatoriana.org.br\/padrejordan\/blog\/wp-json\/wp\/v2\/users\/3"}],"replies":[{"embeddable":true,"href":"https:\/\/www.redesalvatoriana.org.br\/padrejordan\/blog\/wp-json\/wp\/v2\/comments?post=2412"}],"version-history":[{"count":1,"href":"https:\/\/www.redesalvatoriana.org.br\/padrejordan\/blog\/wp-json\/wp\/v2\/posts\/2412\/revisions"}],"predecessor-version":[{"id":2414,"href":"https:\/\/www.redesalvatoriana.org.br\/padrejordan\/blog\/wp-json\/wp\/v2\/posts\/2412\/revisions\/2414"}],"wp:featuredmedia":[{"embeddable":true,"href":"https:\/\/www.redesalvatoriana.org.br\/padrejordan\/blog\/wp-json\/wp\/v2\/media\/2413"}],"wp:attachment":[{"href":"https:\/\/www.redesalvatoriana.org.br\/padrejordan\/blog\/wp-json\/wp\/v2\/media?parent=2412"}],"wp:term":[{"taxonomy":"category","embeddable":true,"href":"https:\/\/www.redesalvatoriana.org.br\/padrejordan\/blog\/wp-json\/wp\/v2\/categories?post=2412"},{"taxonomy":"post_tag","embeddable":true,"href":"https:\/\/www.redesalvatoriana.org.br\/padrejordan\/blog\/wp-json\/wp\/v2\/tags?post=2412"}],"curies":[{"name":"wp","href":"https:\/\/api.w.org\/{rel}","templated":true}]}}