{"id":2402,"date":"2022-06-13T11:24:36","date_gmt":"2022-06-13T14:24:36","guid":{"rendered":"https:\/\/www.salvatorianas.org.br\/padrejordan\/blog\/?p=2402"},"modified":"2022-06-13T11:24:36","modified_gmt":"2022-06-13T14:24:36","slug":"missa-trezena-de-santo-antonio","status":"publish","type":"post","link":"https:\/\/www.redesalvatoriana.org.br\/padrejordan\/blog\/2022\/06\/13\/missa-trezena-de-santo-antonio\/","title":{"rendered":"Missa-Trezena de Santo Ant\u00f4nio"},"content":{"rendered":"<p>Na \u00faltima sexta-feira, dia 10 de junho, os educadores dos Col\u00e9gios Salvatorianos Nossa Senhora de F\u00e1tima e Padre Jordan participaram como Mordomos da Missa-Trezena preparat\u00f3ria para a Festa de Santo Ant\u00f4nio, padroeiro da Comunidade Paroquial da Coloninha.<\/p>\n<p>Confira as fotos!<\/p>\n<p>https:\/\/www.facebook.com\/cspadrejordan\/posts\/pfbid037FyVtvXTHQmg48w156S4ygCbA71ZSVYhNw2EVMeTQNGhetpFeReQnnFeDU3wQ4Stl<\/p>\n","protected":false},"excerpt":{"rendered":"<p>Na \u00faltima sexta-feira, dia 10 de junho, os educadores dos Col\u00e9gios Salvatorianos Nossa Senhora de F\u00e1tima e Padre Jordan participaram como Mordomos da Missa-Trezena preparat\u00f3ria para a Festa de Santo Ant\u00f4nio, padroeiro da Comunidade Paroquial da Coloninha. Confira as fotos! https:\/\/www.facebook.com\/cspadrejordan\/posts\/pfbid037FyVtvXTHQmg48w156S4ygCbA71ZSVYhNw2EVMeTQNGhetpFeReQnnFeDU3wQ4Stl<\/p>\n","protected":false},"author":3,"featured_media":0,"comment_status":"open","ping_status":"open","sticky":false,"template":"","format":"standard","meta":[],"categories":[6],"tags":[43],"_links":{"self":[{"href":"https:\/\/www.redesalvatoriana.org.br\/padrejordan\/blog\/wp-json\/wp\/v2\/posts\/2402"}],"collection":[{"href":"https:\/\/www.redesalvatoriana.org.br\/padrejordan\/blog\/wp-json\/wp\/v2\/posts"}],"about":[{"href":"https:\/\/www.redesalvatoriana.org.br\/padrejordan\/blog\/wp-json\/wp\/v2\/types\/post"}],"author":[{"embeddable":true,"href":"https:\/\/www.redesalvatoriana.org.br\/padrejordan\/blog\/wp-json\/wp\/v2\/users\/3"}],"replies":[{"embeddable":true,"href":"https:\/\/www.redesalvatoriana.org.br\/padrejordan\/blog\/wp-json\/wp\/v2\/comments?post=2402"}],"version-history":[{"count":1,"href":"https:\/\/www.redesalvatoriana.org.br\/padrejordan\/blog\/wp-json\/wp\/v2\/posts\/2402\/revisions"}],"predecessor-version":[{"id":2404,"href":"https:\/\/www.redesalvatoriana.org.br\/padrejordan\/blog\/wp-json\/wp\/v2\/posts\/2402\/revisions\/2404"}],"wp:attachment":[{"href":"https:\/\/www.redesalvatoriana.org.br\/padrejordan\/blog\/wp-json\/wp\/v2\/media?parent=2402"}],"wp:term":[{"taxonomy":"category","embeddable":true,"href":"https:\/\/www.redesalvatoriana.org.br\/padrejordan\/blog\/wp-json\/wp\/v2\/categories?post=2402"},{"taxonomy":"post_tag","embeddable":true,"href":"https:\/\/www.redesalvatoriana.org.br\/padrejordan\/blog\/wp-json\/wp\/v2\/tags?post=2402"}],"curies":[{"name":"wp","href":"https:\/\/api.w.org\/{rel}","templated":true}]}}