{"id":2397,"date":"2022-05-20T17:12:34","date_gmt":"2022-05-20T20:12:34","guid":{"rendered":"https:\/\/www.salvatorianas.org.br\/padrejordan\/blog\/?p=2397"},"modified":"2022-05-20T17:12:34","modified_gmt":"2022-05-20T20:12:34","slug":"triduo-1-ano-da-beatificacao-de-padre-jordan","status":"publish","type":"post","link":"https:\/\/www.redesalvatoriana.org.br\/padrejordan\/blog\/2022\/05\/20\/triduo-1-ano-da-beatificacao-de-padre-jordan\/","title":{"rendered":"Tr\u00edduo &#8211; 1 ano da Beatifica\u00e7\u00e3o de Padre Jordan"},"content":{"rendered":"<p>A comunidade escolar do Col\u00e9gio Salvatoriano Padre Jordan celebrou o primeiro anivers\u00e1rio de Beatifica\u00e7\u00e3o de seu fundador e padroeiro Bem-aventurado Francisco Jordan. <\/p>\n<p>Para essa comemora\u00e7\u00e3o, todos participaram de um tr\u00edduo de celebra\u00e7\u00f5es, acontecido no p\u00e1tio da escola, sendo que e o terceiro dia o Col\u00e9gio juntou-se \u00e0 comunidade paroquial da Coloninha, numa significativa Celebra\u00e7\u00e3o Eucaristia pela passagem do primeiro ano da beatifica\u00e7\u00e3o de Pe. Jordan.<\/p>\n<p><iframe loading=\"lazy\" src=\"https:\/\/www.facebook.com\/plugins\/post.php?href=https%3A%2F%2Fwww.facebook.com%2Fcspadrejordan%2Fposts%2F423807333084109&#038;show_text=true&#038;width=500\" width=\"500\" height=\"793\" style=\"border:none;overflow:hidden\" scrolling=\"no\" frameborder=\"0\" allowfullscreen=\"true\" allow=\"autoplay; clipboard-write; encrypted-media; picture-in-picture; web-share\"><\/iframe><\/p>\n","protected":false},"excerpt":{"rendered":"<p>A comunidade escolar do Col\u00e9gio Salvatoriano Padre Jordan celebrou o primeiro anivers\u00e1rio de Beatifica\u00e7\u00e3o de seu fundador e padroeiro Bem-aventurado Francisco Jordan. Para essa comemora\u00e7\u00e3o, todos participaram de um tr\u00edduo de celebra\u00e7\u00f5es, acontecido no p\u00e1tio da escola, sendo que e o terceiro dia o Col\u00e9gio juntou-se \u00e0 comunidade paroquial da Coloninha, numa significativa Celebra\u00e7\u00e3o Eucaristia [&hellip;]<\/p>\n","protected":false},"author":3,"featured_media":2398,"comment_status":"open","ping_status":"open","sticky":false,"template":"","format":"standard","meta":[],"categories":[6],"tags":[43],"_links":{"self":[{"href":"https:\/\/www.redesalvatoriana.org.br\/padrejordan\/blog\/wp-json\/wp\/v2\/posts\/2397"}],"collection":[{"href":"https:\/\/www.redesalvatoriana.org.br\/padrejordan\/blog\/wp-json\/wp\/v2\/posts"}],"about":[{"href":"https:\/\/www.redesalvatoriana.org.br\/padrejordan\/blog\/wp-json\/wp\/v2\/types\/post"}],"author":[{"embeddable":true,"href":"https:\/\/www.redesalvatoriana.org.br\/padrejordan\/blog\/wp-json\/wp\/v2\/users\/3"}],"replies":[{"embeddable":true,"href":"https:\/\/www.redesalvatoriana.org.br\/padrejordan\/blog\/wp-json\/wp\/v2\/comments?post=2397"}],"version-history":[{"count":2,"href":"https:\/\/www.redesalvatoriana.org.br\/padrejordan\/blog\/wp-json\/wp\/v2\/posts\/2397\/revisions"}],"predecessor-version":[{"id":2400,"href":"https:\/\/www.redesalvatoriana.org.br\/padrejordan\/blog\/wp-json\/wp\/v2\/posts\/2397\/revisions\/2400"}],"wp:featuredmedia":[{"embeddable":true,"href":"https:\/\/www.redesalvatoriana.org.br\/padrejordan\/blog\/wp-json\/wp\/v2\/media\/2398"}],"wp:attachment":[{"href":"https:\/\/www.redesalvatoriana.org.br\/padrejordan\/blog\/wp-json\/wp\/v2\/media?parent=2397"}],"wp:term":[{"taxonomy":"category","embeddable":true,"href":"https:\/\/www.redesalvatoriana.org.br\/padrejordan\/blog\/wp-json\/wp\/v2\/categories?post=2397"},{"taxonomy":"post_tag","embeddable":true,"href":"https:\/\/www.redesalvatoriana.org.br\/padrejordan\/blog\/wp-json\/wp\/v2\/tags?post=2397"}],"curies":[{"name":"wp","href":"https:\/\/api.w.org\/{rel}","templated":true}]}}