{"id":2390,"date":"2022-05-10T11:31:29","date_gmt":"2022-05-10T14:31:29","guid":{"rendered":"https:\/\/www.salvatorianas.org.br\/padrejordan\/blog\/?p=2390"},"modified":"2022-05-10T11:31:29","modified_gmt":"2022-05-10T14:31:29","slug":"jogos-intercolegiais","status":"publish","type":"post","link":"https:\/\/www.redesalvatoriana.org.br\/padrejordan\/blog\/2022\/05\/10\/jogos-intercolegiais\/","title":{"rendered":"Jogos Intercolegiais"},"content":{"rendered":"<p>Nesta \u00faltima sexta-feira e s\u00e1bado, 06 e 07 de maio, nosso Col\u00e9gio fez sua estreia nos Jogos Intercolegiais.<\/p>\n<p>Um evento que reuniu estudantes de 05 a 17 anos de diversas escolas da regi\u00e3o para um torneio de futsal, que contou com a participa\u00e7\u00e3o e torcida empenhada dos familiares.<\/p>\n<p><iframe loading=\"lazy\" src=\"https:\/\/www.facebook.com\/plugins\/post.php?href=https%3A%2F%2Fwww.facebook.com%2Fcspadrejordan%2Fposts%2F416170463847796&#038;show_text=true&#038;width=500\" width=\"500\" height=\"754\" style=\"border:none;overflow:hidden\" scrolling=\"no\" frameborder=\"0\" allowfullscreen=\"true\" allow=\"autoplay; clipboard-write; encrypted-media; picture-in-picture; web-share\"><\/iframe><\/p>\n","protected":false},"excerpt":{"rendered":"<p>Nesta \u00faltima sexta-feira e s\u00e1bado, 06 e 07 de maio, nosso Col\u00e9gio fez sua estreia nos Jogos Intercolegiais. Um evento que reuniu estudantes de 05 a 17 anos de diversas escolas da regi\u00e3o para um torneio de futsal, que contou com a participa\u00e7\u00e3o e torcida empenhada dos familiares.<\/p>\n","protected":false},"author":3,"featured_media":0,"comment_status":"open","ping_status":"open","sticky":false,"template":"","format":"standard","meta":[],"categories":[6],"tags":[43],"_links":{"self":[{"href":"https:\/\/www.redesalvatoriana.org.br\/padrejordan\/blog\/wp-json\/wp\/v2\/posts\/2390"}],"collection":[{"href":"https:\/\/www.redesalvatoriana.org.br\/padrejordan\/blog\/wp-json\/wp\/v2\/posts"}],"about":[{"href":"https:\/\/www.redesalvatoriana.org.br\/padrejordan\/blog\/wp-json\/wp\/v2\/types\/post"}],"author":[{"embeddable":true,"href":"https:\/\/www.redesalvatoriana.org.br\/padrejordan\/blog\/wp-json\/wp\/v2\/users\/3"}],"replies":[{"embeddable":true,"href":"https:\/\/www.redesalvatoriana.org.br\/padrejordan\/blog\/wp-json\/wp\/v2\/comments?post=2390"}],"version-history":[{"count":1,"href":"https:\/\/www.redesalvatoriana.org.br\/padrejordan\/blog\/wp-json\/wp\/v2\/posts\/2390\/revisions"}],"predecessor-version":[{"id":2392,"href":"https:\/\/www.redesalvatoriana.org.br\/padrejordan\/blog\/wp-json\/wp\/v2\/posts\/2390\/revisions\/2392"}],"wp:attachment":[{"href":"https:\/\/www.redesalvatoriana.org.br\/padrejordan\/blog\/wp-json\/wp\/v2\/media?parent=2390"}],"wp:term":[{"taxonomy":"category","embeddable":true,"href":"https:\/\/www.redesalvatoriana.org.br\/padrejordan\/blog\/wp-json\/wp\/v2\/categories?post=2390"},{"taxonomy":"post_tag","embeddable":true,"href":"https:\/\/www.redesalvatoriana.org.br\/padrejordan\/blog\/wp-json\/wp\/v2\/tags?post=2390"}],"curies":[{"name":"wp","href":"https:\/\/api.w.org\/{rel}","templated":true}]}}