{"id":2369,"date":"2022-03-11T15:33:31","date_gmt":"2022-03-11T18:33:31","guid":{"rendered":"https:\/\/www.salvatorianas.org.br\/padrejordan\/blog\/?p=2369"},"modified":"2022-03-11T15:33:31","modified_gmt":"2022-03-11T18:33:31","slug":"momento-de-oracao-quaresma-e-campanha-da-fraternidade-2022","status":"publish","type":"post","link":"https:\/\/www.redesalvatoriana.org.br\/padrejordan\/blog\/2022\/03\/11\/momento-de-oracao-quaresma-e-campanha-da-fraternidade-2022\/","title":{"rendered":"Momento de ora\u00e7\u00e3o &#8211; Quaresma e Campanha da Fraternidade 2022"},"content":{"rendered":"<p>Nos dias 09, 10 e 11 de mar\u00e7o, os estudantes do nosso Col\u00e9gio tiveram oportunidade de pensar, rezar e refletir sobre a Campanha da Fraternidade e Quaresma 2022.<\/p>\n<p>Com o lema:  \u201cFala com sabedoria, ensina com amor.&#8221; (Cf. Pr 31, 26),  devemos continuar seguindo Cristo, caminho, verdade e vida.<\/p>\n<p>\u201cQuaresma \u00e9 convers\u00e3o, toma Jesus meu cora\u00e7\u00e3o&#8221;<\/p>\n<p><iframe loading=\"lazy\" src=\"https:\/\/www.facebook.com\/plugins\/post.php?href=https%3A%2F%2Fwww.facebook.com%2Fcspadrejordan%2Fposts%2F4381304761971594&#038;show_text=true&#038;width=500\" width=\"500\" height=\"754\" style=\"border:none;overflow:hidden\" scrolling=\"no\" frameborder=\"0\" allowfullscreen=\"true\" allow=\"autoplay; clipboard-write; encrypted-media; picture-in-picture; web-share\"><\/iframe><\/p>\n","protected":false},"excerpt":{"rendered":"<p>Nos dias 09, 10 e 11 de mar\u00e7o, os estudantes do nosso Col\u00e9gio tiveram oportunidade de pensar, rezar e refletir sobre a Campanha da Fraternidade e Quaresma 2022. Com o lema: \u201cFala com sabedoria, ensina com amor.&#8221; (Cf. Pr 31, 26), devemos continuar seguindo Cristo, caminho, verdade e vida. \u201cQuaresma \u00e9 convers\u00e3o, toma Jesus meu [&hellip;]<\/p>\n","protected":false},"author":3,"featured_media":2370,"comment_status":"open","ping_status":"open","sticky":false,"template":"","format":"standard","meta":[],"categories":[6],"tags":[43],"_links":{"self":[{"href":"https:\/\/www.redesalvatoriana.org.br\/padrejordan\/blog\/wp-json\/wp\/v2\/posts\/2369"}],"collection":[{"href":"https:\/\/www.redesalvatoriana.org.br\/padrejordan\/blog\/wp-json\/wp\/v2\/posts"}],"about":[{"href":"https:\/\/www.redesalvatoriana.org.br\/padrejordan\/blog\/wp-json\/wp\/v2\/types\/post"}],"author":[{"embeddable":true,"href":"https:\/\/www.redesalvatoriana.org.br\/padrejordan\/blog\/wp-json\/wp\/v2\/users\/3"}],"replies":[{"embeddable":true,"href":"https:\/\/www.redesalvatoriana.org.br\/padrejordan\/blog\/wp-json\/wp\/v2\/comments?post=2369"}],"version-history":[{"count":1,"href":"https:\/\/www.redesalvatoriana.org.br\/padrejordan\/blog\/wp-json\/wp\/v2\/posts\/2369\/revisions"}],"predecessor-version":[{"id":2371,"href":"https:\/\/www.redesalvatoriana.org.br\/padrejordan\/blog\/wp-json\/wp\/v2\/posts\/2369\/revisions\/2371"}],"wp:featuredmedia":[{"embeddable":true,"href":"https:\/\/www.redesalvatoriana.org.br\/padrejordan\/blog\/wp-json\/wp\/v2\/media\/2370"}],"wp:attachment":[{"href":"https:\/\/www.redesalvatoriana.org.br\/padrejordan\/blog\/wp-json\/wp\/v2\/media?parent=2369"}],"wp:term":[{"taxonomy":"category","embeddable":true,"href":"https:\/\/www.redesalvatoriana.org.br\/padrejordan\/blog\/wp-json\/wp\/v2\/categories?post=2369"},{"taxonomy":"post_tag","embeddable":true,"href":"https:\/\/www.redesalvatoriana.org.br\/padrejordan\/blog\/wp-json\/wp\/v2\/tags?post=2369"}],"curies":[{"name":"wp","href":"https:\/\/api.w.org\/{rel}","templated":true}]}}