{"id":2365,"date":"2022-02-07T18:08:39","date_gmt":"2022-02-07T21:08:39","guid":{"rendered":"https:\/\/www.salvatorianas.org.br\/padrejordan\/blog\/?p=2365"},"modified":"2022-02-07T18:08:39","modified_gmt":"2022-02-07T21:08:39","slug":"volta-as-aulas-2021-2","status":"publish","type":"post","link":"https:\/\/www.redesalvatoriana.org.br\/padrejordan\/blog\/2022\/02\/07\/volta-as-aulas-2021-2\/","title":{"rendered":"Volta \u00e0s aulas &#8211; 2021"},"content":{"rendered":"<p>Hoje tivemos in\u00edcio ao ano letivo de 2022, quanta alegria!<\/p>\n<p>Durante a acolhida, os estudantes do Ensino Fundamental, do 1\u00ba ao 7\u00ba ano, fizeram um breve momento de ora\u00e7\u00e3o, receberam informa\u00e7\u00f5es pertinentes a esse novo momento em que vivemos, com aulas totalmente presenciais, e puderam celebrar a alegria do reencontro com os demais amigos.<\/p>\n<p>Confira algumas imagens desse t\u00e3o aguardado momento!<br \/>\nO \u00e1lbum completo est\u00e1 em nosso Facebook.<\/p>\n<p><iframe loading=\"lazy\" style=\"border: none; overflow: hidden;\" src=\"https:\/\/www.facebook.com\/plugins\/post.php?href=https%3A%2F%2Fwww.facebook.com%2Fcspadrejordan%2Fposts%2F4290889711013100&amp;show_text=true&amp;width=500\" width=\"500\" height=\"900\" frameborder=\"0\" scrolling=\"no\" allowfullscreen=\"allowfullscreen\"><\/iframe><\/p>\n","protected":false},"excerpt":{"rendered":"<p>Hoje tivemos in\u00edcio ao ano letivo de 2022, quanta alegria! Durante a acolhida, os estudantes do Ensino Fundamental, do 1\u00ba ao 7\u00ba ano, fizeram um breve momento de ora\u00e7\u00e3o, receberam informa\u00e7\u00f5es pertinentes a esse novo momento em que vivemos, com aulas totalmente presenciais, e puderam celebrar a alegria do reencontro com os demais amigos. Confira [&hellip;]<\/p>\n","protected":false},"author":3,"featured_media":2366,"comment_status":"open","ping_status":"open","sticky":false,"template":"","format":"standard","meta":[],"categories":[6],"tags":[43],"_links":{"self":[{"href":"https:\/\/www.redesalvatoriana.org.br\/padrejordan\/blog\/wp-json\/wp\/v2\/posts\/2365"}],"collection":[{"href":"https:\/\/www.redesalvatoriana.org.br\/padrejordan\/blog\/wp-json\/wp\/v2\/posts"}],"about":[{"href":"https:\/\/www.redesalvatoriana.org.br\/padrejordan\/blog\/wp-json\/wp\/v2\/types\/post"}],"author":[{"embeddable":true,"href":"https:\/\/www.redesalvatoriana.org.br\/padrejordan\/blog\/wp-json\/wp\/v2\/users\/3"}],"replies":[{"embeddable":true,"href":"https:\/\/www.redesalvatoriana.org.br\/padrejordan\/blog\/wp-json\/wp\/v2\/comments?post=2365"}],"version-history":[{"count":1,"href":"https:\/\/www.redesalvatoriana.org.br\/padrejordan\/blog\/wp-json\/wp\/v2\/posts\/2365\/revisions"}],"predecessor-version":[{"id":2367,"href":"https:\/\/www.redesalvatoriana.org.br\/padrejordan\/blog\/wp-json\/wp\/v2\/posts\/2365\/revisions\/2367"}],"wp:featuredmedia":[{"embeddable":true,"href":"https:\/\/www.redesalvatoriana.org.br\/padrejordan\/blog\/wp-json\/wp\/v2\/media\/2366"}],"wp:attachment":[{"href":"https:\/\/www.redesalvatoriana.org.br\/padrejordan\/blog\/wp-json\/wp\/v2\/media?parent=2365"}],"wp:term":[{"taxonomy":"category","embeddable":true,"href":"https:\/\/www.redesalvatoriana.org.br\/padrejordan\/blog\/wp-json\/wp\/v2\/categories?post=2365"},{"taxonomy":"post_tag","embeddable":true,"href":"https:\/\/www.redesalvatoriana.org.br\/padrejordan\/blog\/wp-json\/wp\/v2\/tags?post=2365"}],"curies":[{"name":"wp","href":"https:\/\/api.w.org\/{rel}","templated":true}]}}