{"id":2354,"date":"2021-11-30T16:33:22","date_gmt":"2021-11-30T19:33:22","guid":{"rendered":"https:\/\/www.salvatorianas.org.br\/padrejordan\/blog\/?p=2354"},"modified":"2021-11-30T16:33:22","modified_gmt":"2021-11-30T19:33:22","slug":"visita-as-irmas-salvatorianas-pjs","status":"publish","type":"post","link":"https:\/\/www.redesalvatoriana.org.br\/padrejordan\/blog\/2021\/11\/30\/visita-as-irmas-salvatorianas-pjs\/","title":{"rendered":"Visita \u00e0s Irm\u00e3s Salvatorianas &#8211; PJS"},"content":{"rendered":"<p><em>Muito tempo, pouco tempo, o que vai fazer a diferen\u00e7a \u00e9 a maneira como encaramos essa fase das nossas vidas, precisamos valorizar este tempo t\u00e3o precioso que o Senhor nos concede, da melhor maneira poss\u00edvel.<\/em><\/p>\n<p><em>\u00a0<\/em><\/p>\n<p>Os grupos da PJS do nosso Col\u00e9gio, nos per\u00edodos matutino e vespertino, estiveram na Comunidade Salvatoriana Rainha dos Ap\u00f3stolos, em Florian\u00f3polis.<\/p>\n<p>&nbsp;<\/p>\n<p>Na oportunidade, levaram seu carinho e a surpresa das mensagens de Natal e ano novo, colocadas nas \u00e1rvores do jardim. Na verdade, os jovens foram surpreendidos\u00a0 pelo carinho com que as irm\u00e3s daquela comunidade os acolheram. N\u00e3o faltaram sorrisos, boas palavras de afeto e incentivo. \u00c0s Irm\u00e3s, nosso reconhecimento e votos de Feliz Natal e Ano 2022!<\/p>\n<p>&nbsp;<\/p>\n<p>&lt;iframe src=&#8221;https:\/\/www.facebook.com\/plugins\/post.php?href=https%3A%2F%2Fwww.facebook.com%2Fcspadrejordan%2Fposts%2F4040474192721321&amp;show_text=true&amp;width=500&#8243; width=&#8221;500&#8243; height=&#8221;793&#8243; style=&#8221;border:none;overflow:hidden&#8221; scrolling=&#8221;no&#8221; frameborder=&#8221;0&#8243; allowfullscreen=&#8221;true&#8221; allow=&#8221;autoplay; clipboard-write; encrypted-media; picture-in-picture; web-share&#8221;&gt;&lt;\/iframe&gt;<\/p>\n","protected":false},"excerpt":{"rendered":"<p>Muito tempo, pouco tempo, o que vai fazer a diferen\u00e7a \u00e9 a maneira como encaramos essa fase das nossas vidas, precisamos valorizar este tempo t\u00e3o precioso que o Senhor nos concede, da melhor maneira poss\u00edvel. \u00a0 Os grupos da PJS do nosso Col\u00e9gio, nos per\u00edodos matutino e vespertino, estiveram na Comunidade Salvatoriana Rainha dos Ap\u00f3stolos, [&hellip;]<\/p>\n","protected":false},"author":3,"featured_media":2355,"comment_status":"open","ping_status":"open","sticky":false,"template":"","format":"standard","meta":[],"categories":[6],"tags":[43],"_links":{"self":[{"href":"https:\/\/www.redesalvatoriana.org.br\/padrejordan\/blog\/wp-json\/wp\/v2\/posts\/2354"}],"collection":[{"href":"https:\/\/www.redesalvatoriana.org.br\/padrejordan\/blog\/wp-json\/wp\/v2\/posts"}],"about":[{"href":"https:\/\/www.redesalvatoriana.org.br\/padrejordan\/blog\/wp-json\/wp\/v2\/types\/post"}],"author":[{"embeddable":true,"href":"https:\/\/www.redesalvatoriana.org.br\/padrejordan\/blog\/wp-json\/wp\/v2\/users\/3"}],"replies":[{"embeddable":true,"href":"https:\/\/www.redesalvatoriana.org.br\/padrejordan\/blog\/wp-json\/wp\/v2\/comments?post=2354"}],"version-history":[{"count":1,"href":"https:\/\/www.redesalvatoriana.org.br\/padrejordan\/blog\/wp-json\/wp\/v2\/posts\/2354\/revisions"}],"predecessor-version":[{"id":2356,"href":"https:\/\/www.redesalvatoriana.org.br\/padrejordan\/blog\/wp-json\/wp\/v2\/posts\/2354\/revisions\/2356"}],"wp:featuredmedia":[{"embeddable":true,"href":"https:\/\/www.redesalvatoriana.org.br\/padrejordan\/blog\/wp-json\/wp\/v2\/media\/2355"}],"wp:attachment":[{"href":"https:\/\/www.redesalvatoriana.org.br\/padrejordan\/blog\/wp-json\/wp\/v2\/media?parent=2354"}],"wp:term":[{"taxonomy":"category","embeddable":true,"href":"https:\/\/www.redesalvatoriana.org.br\/padrejordan\/blog\/wp-json\/wp\/v2\/categories?post=2354"},{"taxonomy":"post_tag","embeddable":true,"href":"https:\/\/www.redesalvatoriana.org.br\/padrejordan\/blog\/wp-json\/wp\/v2\/tags?post=2354"}],"curies":[{"name":"wp","href":"https:\/\/api.w.org\/{rel}","templated":true}]}}