{"id":2346,"date":"2021-10-30T10:00:41","date_gmt":"2021-10-30T13:00:41","guid":{"rendered":"https:\/\/www.salvatorianas.org.br\/padrejordan\/blog\/?p=2346"},"modified":"2021-10-29T15:05:54","modified_gmt":"2021-10-29T18:05:54","slug":"mostra-do-conhecimento-2021","status":"publish","type":"post","link":"https:\/\/www.redesalvatoriana.org.br\/padrejordan\/blog\/2021\/10\/30\/mostra-do-conhecimento-2021\/","title":{"rendered":"Mostra do Conhecimento &#8211; 2021"},"content":{"rendered":"<p>Afinal, o que nos move?<\/p>\n<div>Esse \u00e9 o lema da Mostra do Conhecimento deste ano, que nos leva a refletir e, sobretudo, agir.<\/div>\n<div><\/div>\n<div>Mente, cora\u00e7\u00e3o e m\u00e3os, essas s\u00e3o as palavras basilares que motivam nossas a\u00e7\u00f5es pr\u00e1ticas e que envolvem nossos estudantes e educadores nas prepara\u00e7\u00f5es dos trabalhos.<\/div>\n<div><\/div>\n<div>Os trabalhos realizados pelas turmas foram apresentados em v\u00eddeos e podem ser conferidos em um site exclusivo da Mostra.<\/div>\n<div><\/div>\n<div>Re\u00fana sua fam\u00edlia e venha conferir esses valorosos trabalhos em favor da Vida!<\/div>\n<div><\/div>\n<div>O site pode ser acessado pelo seguinte link:\u00a0https:\/\/bit.ly\/mostra-cspj21<\/div>\n<div><\/div>\n<div>Parab\u00e9ns a todos os estudantes e educadores envolvidos!<\/p>\n<\/div>\n","protected":false},"excerpt":{"rendered":"<p>Afinal, o que nos move? Esse \u00e9 o lema da Mostra do Conhecimento deste ano, que nos leva a refletir e, sobretudo, agir. Mente, cora\u00e7\u00e3o e m\u00e3os, essas s\u00e3o as palavras basilares que motivam nossas a\u00e7\u00f5es pr\u00e1ticas e que envolvem nossos estudantes e educadores nas prepara\u00e7\u00f5es dos trabalhos. Os trabalhos realizados pelas turmas foram apresentados [&hellip;]<\/p>\n","protected":false},"author":3,"featured_media":2347,"comment_status":"open","ping_status":"open","sticky":false,"template":"","format":"standard","meta":[],"categories":[6],"tags":[43],"_links":{"self":[{"href":"https:\/\/www.redesalvatoriana.org.br\/padrejordan\/blog\/wp-json\/wp\/v2\/posts\/2346"}],"collection":[{"href":"https:\/\/www.redesalvatoriana.org.br\/padrejordan\/blog\/wp-json\/wp\/v2\/posts"}],"about":[{"href":"https:\/\/www.redesalvatoriana.org.br\/padrejordan\/blog\/wp-json\/wp\/v2\/types\/post"}],"author":[{"embeddable":true,"href":"https:\/\/www.redesalvatoriana.org.br\/padrejordan\/blog\/wp-json\/wp\/v2\/users\/3"}],"replies":[{"embeddable":true,"href":"https:\/\/www.redesalvatoriana.org.br\/padrejordan\/blog\/wp-json\/wp\/v2\/comments?post=2346"}],"version-history":[{"count":1,"href":"https:\/\/www.redesalvatoriana.org.br\/padrejordan\/blog\/wp-json\/wp\/v2\/posts\/2346\/revisions"}],"predecessor-version":[{"id":2348,"href":"https:\/\/www.redesalvatoriana.org.br\/padrejordan\/blog\/wp-json\/wp\/v2\/posts\/2346\/revisions\/2348"}],"wp:featuredmedia":[{"embeddable":true,"href":"https:\/\/www.redesalvatoriana.org.br\/padrejordan\/blog\/wp-json\/wp\/v2\/media\/2347"}],"wp:attachment":[{"href":"https:\/\/www.redesalvatoriana.org.br\/padrejordan\/blog\/wp-json\/wp\/v2\/media?parent=2346"}],"wp:term":[{"taxonomy":"category","embeddable":true,"href":"https:\/\/www.redesalvatoriana.org.br\/padrejordan\/blog\/wp-json\/wp\/v2\/categories?post=2346"},{"taxonomy":"post_tag","embeddable":true,"href":"https:\/\/www.redesalvatoriana.org.br\/padrejordan\/blog\/wp-json\/wp\/v2\/tags?post=2346"}],"curies":[{"name":"wp","href":"https:\/\/api.w.org\/{rel}","templated":true}]}}