{"id":2342,"date":"2021-10-08T15:31:14","date_gmt":"2021-10-08T18:31:14","guid":{"rendered":"https:\/\/www.salvatorianas.org.br\/padrejordan\/blog\/?p=2342"},"modified":"2021-10-08T15:31:14","modified_gmt":"2021-10-08T18:31:14","slug":"horta-organica-quinto-ano","status":"publish","type":"post","link":"https:\/\/www.redesalvatoriana.org.br\/padrejordan\/blog\/2021\/10\/08\/horta-organica-quinto-ano\/","title":{"rendered":"Horta org\u00e2nica &#8211; Quinto ano"},"content":{"rendered":"<p>As turmas 51 e 52 montaram uma horta org\u00e2nica, abordando assuntos como res\u00edduos, compostagem, reciclagem, alimenta\u00e7\u00e3o saud\u00e1vel, promovendo valores, boas atitudes, trabalho em equipe, a solidariedade e a import\u00e2ncia do cuidado com o meio ambiente.<\/p>\n<div><\/div>\n<div>Confira alguns registros dessa atividade t\u00e3o significativa!<\/p>\n<p>&lt;iframe src=&#8221;https:\/\/www.facebook.com\/plugins\/post.php?href=https%3A%2F%2Fwww.facebook.com%2Fcspadrejordan%2Fposts%2F3877706332331442&amp;show_text=true&amp;width=500&#8243; width=&#8221;500&#8243; height=&#8221;752&#8243; style=&#8221;border:none;overflow:hidden&#8221; scrolling=&#8221;no&#8221; frameborder=&#8221;0&#8243; allowfullscreen=&#8221;true&#8221; allow=&#8221;autoplay; clipboard-write; encrypted-media; picture-in-picture; web-share&#8221;&gt;&lt;\/iframe&gt;<\/p><\/div>\n","protected":false},"excerpt":{"rendered":"<p>As turmas 51 e 52 montaram uma horta org\u00e2nica, abordando assuntos como res\u00edduos, compostagem, reciclagem, alimenta\u00e7\u00e3o saud\u00e1vel, promovendo valores, boas atitudes, trabalho em equipe, a solidariedade e a import\u00e2ncia do cuidado com o meio ambiente. Confira alguns registros dessa atividade t\u00e3o significativa! &lt;iframe src=&#8221;https:\/\/www.facebook.com\/plugins\/post.php?href=https%3A%2F%2Fwww.facebook.com%2Fcspadrejordan%2Fposts%2F3877706332331442&amp;show_text=true&amp;width=500&#8243; width=&#8221;500&#8243; height=&#8221;752&#8243; style=&#8221;border:none;overflow:hidden&#8221; scrolling=&#8221;no&#8221; frameborder=&#8221;0&#8243; allowfullscreen=&#8221;true&#8221; allow=&#8221;autoplay; clipboard-write; encrypted-media; picture-in-picture; web-share&#8221;&gt;&lt;\/iframe&gt;<\/p>\n","protected":false},"author":3,"featured_media":2343,"comment_status":"open","ping_status":"open","sticky":false,"template":"","format":"standard","meta":[],"categories":[5],"tags":[43],"_links":{"self":[{"href":"https:\/\/www.redesalvatoriana.org.br\/padrejordan\/blog\/wp-json\/wp\/v2\/posts\/2342"}],"collection":[{"href":"https:\/\/www.redesalvatoriana.org.br\/padrejordan\/blog\/wp-json\/wp\/v2\/posts"}],"about":[{"href":"https:\/\/www.redesalvatoriana.org.br\/padrejordan\/blog\/wp-json\/wp\/v2\/types\/post"}],"author":[{"embeddable":true,"href":"https:\/\/www.redesalvatoriana.org.br\/padrejordan\/blog\/wp-json\/wp\/v2\/users\/3"}],"replies":[{"embeddable":true,"href":"https:\/\/www.redesalvatoriana.org.br\/padrejordan\/blog\/wp-json\/wp\/v2\/comments?post=2342"}],"version-history":[{"count":1,"href":"https:\/\/www.redesalvatoriana.org.br\/padrejordan\/blog\/wp-json\/wp\/v2\/posts\/2342\/revisions"}],"predecessor-version":[{"id":2344,"href":"https:\/\/www.redesalvatoriana.org.br\/padrejordan\/blog\/wp-json\/wp\/v2\/posts\/2342\/revisions\/2344"}],"wp:featuredmedia":[{"embeddable":true,"href":"https:\/\/www.redesalvatoriana.org.br\/padrejordan\/blog\/wp-json\/wp\/v2\/media\/2343"}],"wp:attachment":[{"href":"https:\/\/www.redesalvatoriana.org.br\/padrejordan\/blog\/wp-json\/wp\/v2\/media?parent=2342"}],"wp:term":[{"taxonomy":"category","embeddable":true,"href":"https:\/\/www.redesalvatoriana.org.br\/padrejordan\/blog\/wp-json\/wp\/v2\/categories?post=2342"},{"taxonomy":"post_tag","embeddable":true,"href":"https:\/\/www.redesalvatoriana.org.br\/padrejordan\/blog\/wp-json\/wp\/v2\/tags?post=2342"}],"curies":[{"name":"wp","href":"https:\/\/api.w.org\/{rel}","templated":true}]}}