{"id":2337,"date":"2021-08-16T17:45:19","date_gmt":"2021-08-16T20:45:19","guid":{"rendered":"https:\/\/www.salvatorianas.org.br\/padrejordan\/blog\/?p=2337"},"modified":"2021-08-16T17:45:19","modified_gmt":"2021-08-16T20:45:19","slug":"retiro-das-coordenacoes","status":"publish","type":"post","link":"https:\/\/www.redesalvatoriana.org.br\/padrejordan\/blog\/2021\/08\/16\/retiro-das-coordenacoes\/","title":{"rendered":"Retiro das Coordena\u00e7\u00f5es"},"content":{"rendered":"<div class=\"\" data-block=\"true\" data-editor=\"e2c1g\" data-offset-key=\"6pdjd-0-0\">\n<div class=\"_1mf _1mj\" data-offset-key=\"6pdjd-0-0\"><span data-offset-key=\"6pdjd-0-0\">Na manh\u00e3 do dia 7 de agosto, as coordena\u00e7\u00f5es dos Col\u00e9gios Salvatorianos Nossa Senhora de F\u00e1tima e Padre Jordan estiveram reunidos para uma Manh\u00e3 de Espiritualidade.<\/span><\/div>\n<\/div>\n<div class=\"\" data-block=\"true\" data-editor=\"e2c1g\" data-offset-key=\"92th3-0-0\">\n<div class=\"_1mf _1mj\" data-offset-key=\"92th3-0-0\"><span data-offset-key=\"92th3-0-0\">\u00a0<\/span><\/div>\n<\/div>\n<div class=\"\" data-block=\"true\" data-editor=\"e2c1g\" data-offset-key=\"12mjc-0-0\">\n<div class=\"_1mf _1mj\" data-offset-key=\"12mjc-0-0\"><span data-offset-key=\"12mjc-0-0\">Ap\u00f3s a acolhida da Dire\u00e7\u00e3o, o primeiro momento meditativo foi conduzido por Ir. Neuza Cericatto, Vice-Coordenadora Provincial das Irm\u00e3s Salvatorianas, que refletiu com o grupo sobre os 7 pilares da Vida Espiritual do Bem-aventurado Francisco Maria da Cruz Jordan.<\/span><\/div>\n<\/div>\n<div class=\"\" data-block=\"true\" data-editor=\"e2c1g\" data-offset-key=\"4bl9h-0-0\">\n<div class=\"_1mf _1mj\" data-offset-key=\"4bl9h-0-0\"><span data-offset-key=\"4bl9h-0-0\">\u00a0<\/span><\/div>\n<\/div>\n<div class=\"\" data-block=\"true\" data-editor=\"e2c1g\" data-offset-key=\"2hf9e-0-0\">\n<div class=\"_1mf _1mj\" data-offset-key=\"2hf9e-0-0\"><span data-offset-key=\"2hf9e-0-0\">Na sequ\u00eancia, o Grupo de Teatro, os Pastoralistas dos dois col\u00e9gios e a Ir. Lourdes Oro, conduziram a medita\u00e7\u00e3o baseada no Evangelho de S\u00e3o Jo\u00e3o 12,1-8, quando encontramos a narrativa b\u00edblica da Un\u00e7\u00e3o dos p\u00e9s de Jesus feita por Maria, irm\u00e3 de Marta e L\u00e1zaro, na Casa de Bet\u00e2nia.<\/span><\/div>\n<\/div>\n<div class=\"\" data-block=\"true\" data-editor=\"e2c1g\" data-offset-key=\"5h44o-0-0\">\n<div class=\"_1mf _1mj\" data-offset-key=\"5h44o-0-0\"><span data-offset-key=\"5h44o-0-0\">\u00a0<\/span><\/div>\n<\/div>\n<div class=\"\" data-block=\"true\" data-editor=\"e2c1g\" data-offset-key=\"db64h-0-0\">\n<div class=\"_1mf _1mj\" data-offset-key=\"db64h-0-0\"><span data-offset-key=\"db64h-0-0\">O ponto m\u00e1ximo desta manh\u00e3 se deu com a Celebra\u00e7\u00e3o da Eucaristia, presidida pelo Pe. S\u00e9rgio Jos\u00e9 de Souza, ex-estudante salvatoriano e que cultiva um carinho muito grande pelas Irm\u00e3s e pelos Col\u00e9gios Salvatorianos.<\/span><\/div>\n<\/div>\n<div class=\"\" data-block=\"true\" data-editor=\"e2c1g\" data-offset-key=\"5a9en-0-0\">\n<div class=\"_1mf _1mj\" data-offset-key=\"5a9en-0-0\"><span data-offset-key=\"5a9en-0-0\">\u00a0<\/span><\/div>\n<\/div>\n<div class=\"\" data-block=\"true\" data-editor=\"e2c1g\" data-offset-key=\"40run-0-0\">\n<div class=\"_1mf _1mj\" data-offset-key=\"40run-0-0\"><span data-offset-key=\"40run-0-0\">O cultivo da espiritualidade \u00e9 algo essencial para a vida de uma pessoa.<\/span><\/div>\n<\/div>\n<div class=\"\" data-block=\"true\" data-editor=\"e2c1g\" data-offset-key=\"3miqo-0-0\">\n<div class=\"_1mf _1mj\" data-offset-key=\"3miqo-0-0\"><span data-offset-key=\"3miqo-0-0\">\u00a0<\/span><\/div>\n<\/div>\n<div class=\"\" data-block=\"true\" data-editor=\"e2c1g\" data-offset-key=\"ucma-0-0\">\n<div class=\"_1mf _1mj\" data-offset-key=\"ucma-0-0\"><span data-offset-key=\"ucma-0-0\">Em nossos Col\u00e9gios prezamos por estes momentos que s\u00e3o as bases sustentadoras da vida, do testemunho e da miss\u00e3o dos educadores salvatorianos.<\/span><\/div>\n<\/div>\n<div class=\"_1mf _1mj\" data-offset-key=\"ci9e6-0-0\"><span data-offset-key=\"ci9e6-0-0\">\u00a0<\/span><\/div>\n<div class=\"\" data-block=\"true\" data-editor=\"e2c1g\" data-offset-key=\"7or0l-0-0\">\n<div class=\"_1mf _1mj\" data-offset-key=\"7or0l-0-0\">https:\/\/www.facebook.com\/cspadrejordan\/posts\/3719007451534665<\/div>\n<\/div>\n","protected":false},"excerpt":{"rendered":"<p>Na manh\u00e3 do dia 7 de agosto, as coordena\u00e7\u00f5es dos Col\u00e9gios Salvatorianos Nossa Senhora de F\u00e1tima e Padre Jordan estiveram reunidos para uma Manh\u00e3 de Espiritualidade. \u00a0 Ap\u00f3s a acolhida da Dire\u00e7\u00e3o, o primeiro momento meditativo foi conduzido por Ir. Neuza Cericatto, Vice-Coordenadora Provincial das Irm\u00e3s Salvatorianas, que refletiu com o grupo sobre os 7 [&hellip;]<\/p>\n","protected":false},"author":3,"featured_media":2338,"comment_status":"open","ping_status":"open","sticky":false,"template":"","format":"standard","meta":[],"categories":[6],"tags":[43],"_links":{"self":[{"href":"https:\/\/www.redesalvatoriana.org.br\/padrejordan\/blog\/wp-json\/wp\/v2\/posts\/2337"}],"collection":[{"href":"https:\/\/www.redesalvatoriana.org.br\/padrejordan\/blog\/wp-json\/wp\/v2\/posts"}],"about":[{"href":"https:\/\/www.redesalvatoriana.org.br\/padrejordan\/blog\/wp-json\/wp\/v2\/types\/post"}],"author":[{"embeddable":true,"href":"https:\/\/www.redesalvatoriana.org.br\/padrejordan\/blog\/wp-json\/wp\/v2\/users\/3"}],"replies":[{"embeddable":true,"href":"https:\/\/www.redesalvatoriana.org.br\/padrejordan\/blog\/wp-json\/wp\/v2\/comments?post=2337"}],"version-history":[{"count":1,"href":"https:\/\/www.redesalvatoriana.org.br\/padrejordan\/blog\/wp-json\/wp\/v2\/posts\/2337\/revisions"}],"predecessor-version":[{"id":2339,"href":"https:\/\/www.redesalvatoriana.org.br\/padrejordan\/blog\/wp-json\/wp\/v2\/posts\/2337\/revisions\/2339"}],"wp:featuredmedia":[{"embeddable":true,"href":"https:\/\/www.redesalvatoriana.org.br\/padrejordan\/blog\/wp-json\/wp\/v2\/media\/2338"}],"wp:attachment":[{"href":"https:\/\/www.redesalvatoriana.org.br\/padrejordan\/blog\/wp-json\/wp\/v2\/media?parent=2337"}],"wp:term":[{"taxonomy":"category","embeddable":true,"href":"https:\/\/www.redesalvatoriana.org.br\/padrejordan\/blog\/wp-json\/wp\/v2\/categories?post=2337"},{"taxonomy":"post_tag","embeddable":true,"href":"https:\/\/www.redesalvatoriana.org.br\/padrejordan\/blog\/wp-json\/wp\/v2\/tags?post=2337"}],"curies":[{"name":"wp","href":"https:\/\/api.w.org\/{rel}","templated":true}]}}