{"id":2332,"date":"2021-07-09T14:50:15","date_gmt":"2021-07-09T17:50:15","guid":{"rendered":"https:\/\/www.salvatorianas.org.br\/padrejordan\/blog\/?p=2332"},"modified":"2021-07-09T14:50:45","modified_gmt":"2021-07-09T17:50:45","slug":"maquetes-sexto-ano","status":"publish","type":"post","link":"https:\/\/www.redesalvatoriana.org.br\/padrejordan\/blog\/2021\/07\/09\/maquetes-sexto-ano\/","title":{"rendered":"Maquetes &#8211; Sexto ano"},"content":{"rendered":"<p>As maquetes referem-se \u00e0 import\u00e2ncia do espa\u00e7o geogr\u00e1fico, que \u00e9 aquele que foi modificado pelo homem ao longo da hist\u00f3ria.<\/p>\n<p>Que cont\u00e9m um passado hist\u00f3rico e foi transformado pela organiza\u00e7\u00e3o social, t\u00e9cnica e econ\u00f4mica daqueles que habitaram ou habitam os diferentes lugares.<\/p>\n<p>A import\u00e2ncia da preserva\u00e7\u00e3o do meio ambiente e da cultura dos povos que j\u00e1 habitavam e habitam o nosso planeta foi a grande motiva\u00e7\u00e3o dos estudantes do sexto ano, na disciplina de Geografia.<\/p>\n<p>Acesse o \u00e1lbum: https:\/\/www.facebook.com\/cspadrejordan\/posts\/3611821442253267<\/p>\n<p>&nbsp;<\/p>\n","protected":false},"excerpt":{"rendered":"<p>As maquetes referem-se \u00e0 import\u00e2ncia do espa\u00e7o geogr\u00e1fico, que \u00e9 aquele que foi modificado pelo homem ao longo da hist\u00f3ria. Que cont\u00e9m um passado hist\u00f3rico e foi transformado pela organiza\u00e7\u00e3o social, t\u00e9cnica e econ\u00f4mica daqueles que habitaram ou habitam os diferentes lugares. A import\u00e2ncia da preserva\u00e7\u00e3o do meio ambiente e da cultura dos povos que [&hellip;]<\/p>\n","protected":false},"author":3,"featured_media":2333,"comment_status":"open","ping_status":"open","sticky":false,"template":"","format":"standard","meta":[],"categories":[49],"tags":[43],"_links":{"self":[{"href":"https:\/\/www.redesalvatoriana.org.br\/padrejordan\/blog\/wp-json\/wp\/v2\/posts\/2332"}],"collection":[{"href":"https:\/\/www.redesalvatoriana.org.br\/padrejordan\/blog\/wp-json\/wp\/v2\/posts"}],"about":[{"href":"https:\/\/www.redesalvatoriana.org.br\/padrejordan\/blog\/wp-json\/wp\/v2\/types\/post"}],"author":[{"embeddable":true,"href":"https:\/\/www.redesalvatoriana.org.br\/padrejordan\/blog\/wp-json\/wp\/v2\/users\/3"}],"replies":[{"embeddable":true,"href":"https:\/\/www.redesalvatoriana.org.br\/padrejordan\/blog\/wp-json\/wp\/v2\/comments?post=2332"}],"version-history":[{"count":2,"href":"https:\/\/www.redesalvatoriana.org.br\/padrejordan\/blog\/wp-json\/wp\/v2\/posts\/2332\/revisions"}],"predecessor-version":[{"id":2335,"href":"https:\/\/www.redesalvatoriana.org.br\/padrejordan\/blog\/wp-json\/wp\/v2\/posts\/2332\/revisions\/2335"}],"wp:featuredmedia":[{"embeddable":true,"href":"https:\/\/www.redesalvatoriana.org.br\/padrejordan\/blog\/wp-json\/wp\/v2\/media\/2333"}],"wp:attachment":[{"href":"https:\/\/www.redesalvatoriana.org.br\/padrejordan\/blog\/wp-json\/wp\/v2\/media?parent=2332"}],"wp:term":[{"taxonomy":"category","embeddable":true,"href":"https:\/\/www.redesalvatoriana.org.br\/padrejordan\/blog\/wp-json\/wp\/v2\/categories?post=2332"},{"taxonomy":"post_tag","embeddable":true,"href":"https:\/\/www.redesalvatoriana.org.br\/padrejordan\/blog\/wp-json\/wp\/v2\/tags?post=2332"}],"curies":[{"name":"wp","href":"https:\/\/api.w.org\/{rel}","templated":true}]}}