{"id":2329,"date":"2021-07-05T17:42:19","date_gmt":"2021-07-05T20:42:19","guid":{"rendered":"https:\/\/www.salvatorianas.org.br\/padrejordan\/blog\/?p=2329"},"modified":"2021-07-05T17:42:19","modified_gmt":"2021-07-05T20:42:19","slug":"encontro-de-educadores-da-rede-salvatoriana","status":"publish","type":"post","link":"https:\/\/www.redesalvatoriana.org.br\/padrejordan\/blog\/2021\/07\/05\/encontro-de-educadores-da-rede-salvatoriana\/","title":{"rendered":"Encontro de Educadores da Rede Salvatoriana"},"content":{"rendered":"<p>No \u00faltimo s\u00e1bado, os Educadores da Rede Salvatoriana, dos Col\u00e9gios Salvatorianos Imaculada Concei\u00e7\u00e3o, Bom Conselho, Nossa Senhora de F\u00e1tima e Padre Jordan, uniram-se em ora\u00e7\u00e3o e partilha atrav\u00e9s do encontro de educadores salvatorianos, tematizando &#8220;Di\u00e1logo e F\u00e9&#8221;, mediado pelo poeta, compositor e cantor Z\u00e9 Vicente.<\/p>\n<p>O encontro expressou a alegria e a arte da conex\u00e3o entre o ser humano, a natureza e o mundo. O cultivo da vida espiritual, na simplicidade do cotidiano, expressa a presen\u00e7a de Deus que torna a vida mais leve e mais bonita. A m\u00fasica \u00e9 fonte de inspira\u00e7\u00e3o, de ora\u00e7\u00e3o e de encontro. Z\u00e9 Vicente ensina-nos a viver o dia a dia na sensibilidade e na percep\u00e7\u00e3o daquilo que est\u00e1 em nosso entorno, na simplicidade, no afeto e na ternura do encontro com Deus e com as pessoas.<\/p>\n<p>Gratid\u00e3o por este momento de gra\u00e7a!<\/p>\n<p>#SouSalvatoriano<\/p>\n","protected":false},"excerpt":{"rendered":"<p>No \u00faltimo s\u00e1bado, os Educadores da Rede Salvatoriana, dos Col\u00e9gios Salvatorianos Imaculada Concei\u00e7\u00e3o, Bom Conselho, Nossa Senhora de F\u00e1tima e Padre Jordan, uniram-se em ora\u00e7\u00e3o e partilha atrav\u00e9s do encontro de educadores salvatorianos, tematizando &#8220;Di\u00e1logo e F\u00e9&#8221;, mediado pelo poeta, compositor e cantor Z\u00e9 Vicente. O encontro expressou a alegria e a arte da conex\u00e3o [&hellip;]<\/p>\n","protected":false},"author":3,"featured_media":0,"comment_status":"open","ping_status":"open","sticky":false,"template":"","format":"standard","meta":[],"categories":[6],"tags":[43],"_links":{"self":[{"href":"https:\/\/www.redesalvatoriana.org.br\/padrejordan\/blog\/wp-json\/wp\/v2\/posts\/2329"}],"collection":[{"href":"https:\/\/www.redesalvatoriana.org.br\/padrejordan\/blog\/wp-json\/wp\/v2\/posts"}],"about":[{"href":"https:\/\/www.redesalvatoriana.org.br\/padrejordan\/blog\/wp-json\/wp\/v2\/types\/post"}],"author":[{"embeddable":true,"href":"https:\/\/www.redesalvatoriana.org.br\/padrejordan\/blog\/wp-json\/wp\/v2\/users\/3"}],"replies":[{"embeddable":true,"href":"https:\/\/www.redesalvatoriana.org.br\/padrejordan\/blog\/wp-json\/wp\/v2\/comments?post=2329"}],"version-history":[{"count":1,"href":"https:\/\/www.redesalvatoriana.org.br\/padrejordan\/blog\/wp-json\/wp\/v2\/posts\/2329\/revisions"}],"predecessor-version":[{"id":2331,"href":"https:\/\/www.redesalvatoriana.org.br\/padrejordan\/blog\/wp-json\/wp\/v2\/posts\/2329\/revisions\/2331"}],"wp:attachment":[{"href":"https:\/\/www.redesalvatoriana.org.br\/padrejordan\/blog\/wp-json\/wp\/v2\/media?parent=2329"}],"wp:term":[{"taxonomy":"category","embeddable":true,"href":"https:\/\/www.redesalvatoriana.org.br\/padrejordan\/blog\/wp-json\/wp\/v2\/categories?post=2329"},{"taxonomy":"post_tag","embeddable":true,"href":"https:\/\/www.redesalvatoriana.org.br\/padrejordan\/blog\/wp-json\/wp\/v2\/tags?post=2329"}],"curies":[{"name":"wp","href":"https:\/\/api.w.org\/{rel}","templated":true}]}}