{"id":2324,"date":"2021-06-21T16:52:14","date_gmt":"2021-06-21T19:52:14","guid":{"rendered":"https:\/\/www.salvatorianas.org.br\/padrejordan\/blog\/?p=2324"},"modified":"2021-06-24T16:54:49","modified_gmt":"2021-06-24T19:54:49","slug":"missas-de-acao-de-gracas-coloninha-e-tvbv","status":"publish","type":"post","link":"https:\/\/www.redesalvatoriana.org.br\/padrejordan\/blog\/2021\/06\/21\/missas-de-acao-de-gracas-coloninha-e-tvbv\/","title":{"rendered":"Missas de A\u00e7\u00e3o de Gra\u00e7as &#8211; Coloninha e TVBV"},"content":{"rendered":"<div class=\"kvgmc6g5 cxmmr5t8 oygrvhab hcukyx3x c1et5uql ii04i59q\">\n<div dir=\"auto\">Nos dias 19 e 20 de junho, a Fam\u00edlia Salvatoriana esteve presente na Par\u00f3quia Santo Ant\u00f4nio e Santa Maria Goretti, no Bairro da Coloninha, e tamb\u00e9m nos est\u00fadios da TVBV, em Florian\u00f3polis, para as Santas Missas em A\u00e7\u00e3o de Gra\u00e7as pela Beatifica\u00e7\u00e3o de Padre Jordan.<\/div>\n<div dir=\"auto\"><\/div>\n<\/div>\n<div class=\"o9v6fnle cxmmr5t8 oygrvhab hcukyx3x c1et5uql ii04i59q\">\n<div dir=\"auto\">Em sua homilia, Pe. Jair Carlesso, Salvatoriano, que atualmente mora em Jundia\u00ed &#8211; SP, destacou os principais aspectos da vida do Bem-aventurado Francisco Jordan, relacionando-os com o Evangelho do dia, que narrava a tempestade acalmada por Jesus.<\/div>\n<div dir=\"auto\"><\/div>\n<\/div>\n<div class=\"o9v6fnle cxmmr5t8 oygrvhab hcukyx3x c1et5uql ii04i59q\">\n<div dir=\"auto\">Vejam as fotos destas celebra\u00e7\u00f5es.<\/div>\n<\/div>\n<div dir=\"auto\"><\/div>\n<div dir=\"auto\">https:\/\/www.facebook.com\/cspadrejordan\/posts\/3563174060451339<\/div>\n","protected":false},"excerpt":{"rendered":"<p>Nos dias 19 e 20 de junho, a Fam\u00edlia Salvatoriana esteve presente na Par\u00f3quia Santo Ant\u00f4nio e Santa Maria Goretti, no Bairro da Coloninha, e tamb\u00e9m nos est\u00fadios da TVBV, em Florian\u00f3polis, para as Santas Missas em A\u00e7\u00e3o de Gra\u00e7as pela Beatifica\u00e7\u00e3o de Padre Jordan. Em sua homilia, Pe. Jair Carlesso, Salvatoriano, que atualmente mora [&hellip;]<\/p>\n","protected":false},"author":3,"featured_media":2325,"comment_status":"open","ping_status":"open","sticky":false,"template":"","format":"standard","meta":[],"categories":[6],"tags":[43],"_links":{"self":[{"href":"https:\/\/www.redesalvatoriana.org.br\/padrejordan\/blog\/wp-json\/wp\/v2\/posts\/2324"}],"collection":[{"href":"https:\/\/www.redesalvatoriana.org.br\/padrejordan\/blog\/wp-json\/wp\/v2\/posts"}],"about":[{"href":"https:\/\/www.redesalvatoriana.org.br\/padrejordan\/blog\/wp-json\/wp\/v2\/types\/post"}],"author":[{"embeddable":true,"href":"https:\/\/www.redesalvatoriana.org.br\/padrejordan\/blog\/wp-json\/wp\/v2\/users\/3"}],"replies":[{"embeddable":true,"href":"https:\/\/www.redesalvatoriana.org.br\/padrejordan\/blog\/wp-json\/wp\/v2\/comments?post=2324"}],"version-history":[{"count":2,"href":"https:\/\/www.redesalvatoriana.org.br\/padrejordan\/blog\/wp-json\/wp\/v2\/posts\/2324\/revisions"}],"predecessor-version":[{"id":2327,"href":"https:\/\/www.redesalvatoriana.org.br\/padrejordan\/blog\/wp-json\/wp\/v2\/posts\/2324\/revisions\/2327"}],"wp:featuredmedia":[{"embeddable":true,"href":"https:\/\/www.redesalvatoriana.org.br\/padrejordan\/blog\/wp-json\/wp\/v2\/media\/2325"}],"wp:attachment":[{"href":"https:\/\/www.redesalvatoriana.org.br\/padrejordan\/blog\/wp-json\/wp\/v2\/media?parent=2324"}],"wp:term":[{"taxonomy":"category","embeddable":true,"href":"https:\/\/www.redesalvatoriana.org.br\/padrejordan\/blog\/wp-json\/wp\/v2\/categories?post=2324"},{"taxonomy":"post_tag","embeddable":true,"href":"https:\/\/www.redesalvatoriana.org.br\/padrejordan\/blog\/wp-json\/wp\/v2\/tags?post=2324"}],"curies":[{"name":"wp","href":"https:\/\/api.w.org\/{rel}","templated":true}]}}