{"id":2320,"date":"2021-06-01T16:25:51","date_gmt":"2021-06-01T19:25:51","guid":{"rendered":"https:\/\/www.salvatorianas.org.br\/padrejordan\/blog\/?p=2320"},"modified":"2021-06-01T16:25:51","modified_gmt":"2021-06-01T19:25:51","slug":"rede-salvatoriana-realiza-o-1o-encontrao-da-pastoral-juvenil-salvatoriana","status":"publish","type":"post","link":"https:\/\/www.redesalvatoriana.org.br\/padrejordan\/blog\/2021\/06\/01\/rede-salvatoriana-realiza-o-1o-encontrao-da-pastoral-juvenil-salvatoriana\/","title":{"rendered":"REDE SALVATORIANA REALIZA O 1\u00ba ENCONTR\u00c3O DA PASTORAL JUVENIL SALVATORIANA"},"content":{"rendered":"<p><span style=\"font-weight: 400;\">Na sexta-feira (28.05) a Rede Salvatoriana realizou um momento de di\u00e1logo com os Jovens da Pastoral Juvenil Salvatoriana, GT Juventudes, Irm\u00e3s, formandas salvatorianas, mediados pelo compositor, cantor e poeta Z\u00e9 Vicente, sobre a tem\u00e1tica: <\/span><i><span style=\"font-weight: 400;\">Arte e espiritualidade para jovens.\u00a0<\/span><\/i><\/p>\n<p><span style=\"font-weight: 400;\">O momento ficou marcado pelo esp\u00edrito e ardor mission\u00e1rio e juvenil, fazendo-nos inquietar pelo projeto de conhecer e tornar Jesus Cristo, o Salvador, conhecido e amado.<\/span><\/p>\n<p><span style=\"font-weight: 400;\">Os jovens relatam sua experi\u00eancia vivida nesta tarde: Ser jovem \u00e9 muito bom, principalmente quando fazemos parte de um grupo que nos faz bem. O encontro de Z\u00e9 Vicente com a Pastoral Juvenil Salvatoriana foi um momento \u00edmpar de amor, carinho, arte, partilha e alegria. Um encontro rico de experi\u00eancias, embalado pelo que h\u00e1 de melhor na m\u00fasica para jovens que buscam um ideal: o ideal Salvatoriano!<\/span><\/p>\n<p><span style=\"font-weight: 400;\">Foi um importante momento de partilha com os jovens acerca da m\u00edstica e da espiritualidade Salvatoriana. Principalmente, chamou-nos a aten\u00e7\u00e3o os questionamentos levantados pelos jovens, em especial, daqueles que passaram pela perda de seus familiares recentemente.<\/span><\/p>\n<p><span style=\"font-weight: 400;\">A Bettina do Col\u00e9gio Salvatoriano Imaculada Concei\u00e7\u00e3o agradece ao Z\u00e9 Vicente pela disposi\u00e7\u00e3o e carinho, ao Col\u00e9gio Salvatoriano Bom Conselho pelo convite, ao Col\u00e9gio Salvatoriano Nossa Senhora de F\u00e1tima F\u00e1tima e ao Col\u00e9gio Salvatoriano Padre Jordan por estarem juntos nesse momento. Em Rede somos mais fortes e faremos a diferen\u00e7a.<\/span><\/p>\n<p><span style=\"font-weight: 400;\">Continuamos embriagados pelo vinho que saboreamos no encontro desta tarde. As forma\u00e7\u00f5es em rede nos fortalecem para potencializarmos o ser jovem que pulsa em cada cora\u00e7\u00e3o. Por isso, somos salvatorianos para toda vida!<\/span><\/p>\n","protected":false},"excerpt":{"rendered":"<p>Na sexta-feira (28.05) a Rede Salvatoriana realizou um momento de di\u00e1logo com os Jovens da Pastoral Juvenil Salvatoriana, GT Juventudes, Irm\u00e3s, formandas salvatorianas, mediados pelo compositor, cantor e poeta Z\u00e9 Vicente, sobre a tem\u00e1tica: Arte e espiritualidade para jovens.\u00a0 O momento ficou marcado pelo esp\u00edrito e ardor mission\u00e1rio e juvenil, fazendo-nos inquietar pelo projeto de [&hellip;]<\/p>\n","protected":false},"author":3,"featured_media":2321,"comment_status":"open","ping_status":"open","sticky":false,"template":"","format":"standard","meta":[],"categories":[6],"tags":[43],"_links":{"self":[{"href":"https:\/\/www.redesalvatoriana.org.br\/padrejordan\/blog\/wp-json\/wp\/v2\/posts\/2320"}],"collection":[{"href":"https:\/\/www.redesalvatoriana.org.br\/padrejordan\/blog\/wp-json\/wp\/v2\/posts"}],"about":[{"href":"https:\/\/www.redesalvatoriana.org.br\/padrejordan\/blog\/wp-json\/wp\/v2\/types\/post"}],"author":[{"embeddable":true,"href":"https:\/\/www.redesalvatoriana.org.br\/padrejordan\/blog\/wp-json\/wp\/v2\/users\/3"}],"replies":[{"embeddable":true,"href":"https:\/\/www.redesalvatoriana.org.br\/padrejordan\/blog\/wp-json\/wp\/v2\/comments?post=2320"}],"version-history":[{"count":1,"href":"https:\/\/www.redesalvatoriana.org.br\/padrejordan\/blog\/wp-json\/wp\/v2\/posts\/2320\/revisions"}],"predecessor-version":[{"id":2322,"href":"https:\/\/www.redesalvatoriana.org.br\/padrejordan\/blog\/wp-json\/wp\/v2\/posts\/2320\/revisions\/2322"}],"wp:featuredmedia":[{"embeddable":true,"href":"https:\/\/www.redesalvatoriana.org.br\/padrejordan\/blog\/wp-json\/wp\/v2\/media\/2321"}],"wp:attachment":[{"href":"https:\/\/www.redesalvatoriana.org.br\/padrejordan\/blog\/wp-json\/wp\/v2\/media?parent=2320"}],"wp:term":[{"taxonomy":"category","embeddable":true,"href":"https:\/\/www.redesalvatoriana.org.br\/padrejordan\/blog\/wp-json\/wp\/v2\/categories?post=2320"},{"taxonomy":"post_tag","embeddable":true,"href":"https:\/\/www.redesalvatoriana.org.br\/padrejordan\/blog\/wp-json\/wp\/v2\/tags?post=2320"}],"curies":[{"name":"wp","href":"https:\/\/api.w.org\/{rel}","templated":true}]}}