{"id":2317,"date":"2021-06-01T10:11:22","date_gmt":"2021-06-01T13:11:22","guid":{"rendered":"https:\/\/www.salvatorianas.org.br\/padrejordan\/blog\/?p=2317"},"modified":"2021-06-01T10:11:22","modified_gmt":"2021-06-01T13:11:22","slug":"abertura-do-mes-salvatoriano","status":"publish","type":"post","link":"https:\/\/www.redesalvatoriana.org.br\/padrejordan\/blog\/2021\/06\/01\/abertura-do-mes-salvatoriano\/","title":{"rendered":"Abertura do M\u00eas Salvatoriano"},"content":{"rendered":"<p>Iniciamos com muita alegria mais um M\u00eas Salvatoriano, dentro do qual, al\u00e9m de refletirmos sobre a import\u00e2ncia e o alcance de nosso carisma, espiritualidade e miss\u00e3o, celebraremos a alegria de sermos continuadores da obra dos nossos fundadores, Pe. Francisco Jordan e Madre Maria dos Ap\u00f3stolos.<\/p>\n<p>Neste ano de 2021, temos um motivo a mais para celebrar, pois no \u00faltimo dia 15 de maio, toda a Fam\u00edlia Salvatoriana, juntamente com toda a Igreja no Mundo, p\u00f4de testemunhar o reconhecimento oficial do Fundador da Fam\u00edlia Salvatoriana como bem-aventurado:<br \/>\n\u201cN\u00f3s, acolhendo o desejo do nosso Irm\u00e3o, Cardeal Angelo De Donatis, nosso Vig\u00e1rio-Geral da Diocese de Roma, e de muitos outros Irm\u00e3os no Episcopado e de numerosos fi\u00e9is, depois de termos ouvido o parecer da Congrega\u00e7\u00e3o para as Causas dos Santos, com a nossa Autoridade Apost\u00f3lica concedemos que o Vener\u00e1vel Servo de Deus FRANCISCO MARIA DA CRUZ (no mundo Jo\u00e3o Batista Jordan) presb\u00edtero, fundador da Sociedade do Divino Salvador e da Congrega\u00e7\u00e3o das Irm\u00e3s do Divino Salvador, que usando de todos os meios que o amor de Cristo o inspirava, foi animado pelo zelo apost\u00f3lico e incans\u00e1vel arauto do Evangelho, doravante seja chamado Bem-aventurado, e que se possa celebrar a sua festa nos lugares e em conformidade com as regras de direito, todos os anos, no dia 21 de julho. Em nome do Pai e do Filho e do Esp\u00edrito Santo. Am\u00e9m. Concedido em Roma, na Bas\u00edlica Lateranense, em 15 de maio do ano do Senhor 2021, o nono de nosso Pontificado. Francisco\u201d.<\/p>\n<p>Agora podemos invocar e pedir a intercess\u00e3o de forma p\u00fablica do nosso amado fundador, o Bem-aventurado Francisco Jordan.<\/p>\n<p>Para este ano, mais uma vez vamos celebrar com um tr\u00edduo preparat\u00f3rio, o nascimento para este mundo, do Bem-aventurado Padre Francisco Jordan. Iluminados pelo tema geral: \u201cBem-aventurado Francisco Jordan, ap\u00f3stolo para al\u00e9m das Fronteiras\u201d, abriremos o tr\u00edduo preparat\u00f3rio no dia 12 de junho, com uma celebra\u00e7\u00e3o transmitida ao vivo direto da Par\u00f3quia S\u00e3o Jos\u00e9 em Fortaleza- CE. Nos dias 13, 14 e 15 de junho, celebraremos o tr\u00edduo, com transmiss\u00f5es ao vivo respectivamente das par\u00f3quias de Mo\u00e7ambique (Par\u00f3quia a ser definida), Rio de Janeiro \u2013 RJ (Par\u00f3quia Divino Salvador) e Videira \u2013 SC (Par\u00f3quia Imaculada Concei\u00e7\u00e3o). No dia 16 de junho, celebraremos em A\u00e7\u00e3o de Gra\u00e7as o nascimento do nosso Bem-aventurado fundador, com uma missa transmitida direto da Par\u00f3quia Nossa Senhora Aparecida em S\u00e3o Paulo \u2013 SP.<\/p>\n<p>O Bem-aventurado Francisco Jordan foi um homem \u00e0 frente do seu tempo, que atrav\u00e9s da a\u00e7\u00e3o do Esp\u00edrito Santo e sua sens\u00edvel intui\u00e7\u00e3o apost\u00f3lica, buscou reunir as for\u00e7as vivas da Igreja, todos os batizados (ministros ordenados, religiosos(as) e leigos(as)) para combaterem a ignor\u00e2ncia religiosa, tornando o Salvador conhecido e amado!<\/p>\n<p>Que mais uma vez este ano possamos celebrar o M\u00eas Salvatoriano, sendo para as nossas comunidades, estudantes, colaboradores, familiares e amigos, exemplo de uni\u00e3o e fraternidade no amor, assim como nos exortava o Bem-aventurado Francisco Jordan!<\/p>\n","protected":false},"excerpt":{"rendered":"<p>Iniciamos com muita alegria mais um M\u00eas Salvatoriano, dentro do qual, al\u00e9m de refletirmos sobre a import\u00e2ncia e o alcance de nosso carisma, espiritualidade e miss\u00e3o, celebraremos a alegria de sermos continuadores da obra dos nossos fundadores, Pe. Francisco Jordan e Madre Maria dos Ap\u00f3stolos. Neste ano de 2021, temos um motivo a mais para [&hellip;]<\/p>\n","protected":false},"author":3,"featured_media":2318,"comment_status":"open","ping_status":"open","sticky":false,"template":"","format":"standard","meta":[],"categories":[6],"tags":[43],"_links":{"self":[{"href":"https:\/\/www.redesalvatoriana.org.br\/padrejordan\/blog\/wp-json\/wp\/v2\/posts\/2317"}],"collection":[{"href":"https:\/\/www.redesalvatoriana.org.br\/padrejordan\/blog\/wp-json\/wp\/v2\/posts"}],"about":[{"href":"https:\/\/www.redesalvatoriana.org.br\/padrejordan\/blog\/wp-json\/wp\/v2\/types\/post"}],"author":[{"embeddable":true,"href":"https:\/\/www.redesalvatoriana.org.br\/padrejordan\/blog\/wp-json\/wp\/v2\/users\/3"}],"replies":[{"embeddable":true,"href":"https:\/\/www.redesalvatoriana.org.br\/padrejordan\/blog\/wp-json\/wp\/v2\/comments?post=2317"}],"version-history":[{"count":1,"href":"https:\/\/www.redesalvatoriana.org.br\/padrejordan\/blog\/wp-json\/wp\/v2\/posts\/2317\/revisions"}],"predecessor-version":[{"id":2319,"href":"https:\/\/www.redesalvatoriana.org.br\/padrejordan\/blog\/wp-json\/wp\/v2\/posts\/2317\/revisions\/2319"}],"wp:featuredmedia":[{"embeddable":true,"href":"https:\/\/www.redesalvatoriana.org.br\/padrejordan\/blog\/wp-json\/wp\/v2\/media\/2318"}],"wp:attachment":[{"href":"https:\/\/www.redesalvatoriana.org.br\/padrejordan\/blog\/wp-json\/wp\/v2\/media?parent=2317"}],"wp:term":[{"taxonomy":"category","embeddable":true,"href":"https:\/\/www.redesalvatoriana.org.br\/padrejordan\/blog\/wp-json\/wp\/v2\/categories?post=2317"},{"taxonomy":"post_tag","embeddable":true,"href":"https:\/\/www.redesalvatoriana.org.br\/padrejordan\/blog\/wp-json\/wp\/v2\/tags?post=2317"}],"curies":[{"name":"wp","href":"https:\/\/api.w.org\/{rel}","templated":true}]}}