{"id":2309,"date":"2021-05-13T20:30:07","date_gmt":"2021-05-13T23:30:07","guid":{"rendered":"https:\/\/www.salvatorianas.org.br\/padrejordan\/blog\/?p=2309"},"modified":"2021-05-13T11:35:54","modified_gmt":"2021-05-13T14:35:54","slug":"conheca-a-versao-em-portugues-do-hino-oficial-da-beatificacao-do-padre-francisco-jordan","status":"publish","type":"post","link":"https:\/\/www.redesalvatoriana.org.br\/padrejordan\/blog\/2021\/05\/13\/conheca-a-versao-em-portugues-do-hino-oficial-da-beatificacao-do-padre-francisco-jordan\/","title":{"rendered":"Conhe\u00e7a a vers\u00e3o em portugu\u00eas do Hino Oficial da Beatifica\u00e7\u00e3o do Padre Francisco Jordan"},"content":{"rendered":"<p>Surge no mundo uma can\u00e7\u00e3o maravilhosa<br \/>\nT\u00e3o forte, t\u00e3o \u00edntima<br \/>\nSua melodia eleva nossos olhos aos c\u00e9us<br \/>\nE melodiosamente entoa a gratid\u00e3o<br \/>\nEla revela um rosto<br \/>\nA estrutura perfeita do sil\u00eancio que hoje se faz ora\u00e7\u00e3o<br \/>\n\u00c9 de Jordan esse rosto<br \/>\nReconhecido pela igreja e acolhido em tantos cora\u00e7\u00f5es<br \/>\nA vida \u00e9 eterna, sim<br \/>\nPara aqueles que reconhecem e amam a face verdadeira do amor,<br \/>\nJesus Salvador<\/p>\n<p><iframe loading=\"lazy\" title=\"Hino oficial da Beatifica\u00e7\u00e3o de Padre Jordan - Em portugu\u00eas\" width=\"500\" height=\"281\" src=\"https:\/\/www.youtube.com\/embed\/LLzidpd0g0I?feature=oembed\" frameborder=\"0\" allow=\"accelerometer; autoplay; clipboard-write; encrypted-media; gyroscope; picture-in-picture\" allowfullscreen><\/iframe><\/p>\n<p>Acesse a letra e ficha t\u00e9cnica: https:\/\/bit.ly\/3hr9qnw<\/p>\n","protected":false},"excerpt":{"rendered":"<p>Surge no mundo uma can\u00e7\u00e3o maravilhosa T\u00e3o forte, t\u00e3o \u00edntima Sua melodia eleva nossos olhos aos c\u00e9us E melodiosamente entoa a gratid\u00e3o Ela revela um rosto A estrutura perfeita do sil\u00eancio que hoje se faz ora\u00e7\u00e3o \u00c9 de Jordan esse rosto Reconhecido pela igreja e acolhido em tantos cora\u00e7\u00f5es A vida \u00e9 eterna, sim Para [&hellip;]<\/p>\n","protected":false},"author":3,"featured_media":2310,"comment_status":"open","ping_status":"open","sticky":false,"template":"","format":"standard","meta":[],"categories":[6],"tags":[43],"_links":{"self":[{"href":"https:\/\/www.redesalvatoriana.org.br\/padrejordan\/blog\/wp-json\/wp\/v2\/posts\/2309"}],"collection":[{"href":"https:\/\/www.redesalvatoriana.org.br\/padrejordan\/blog\/wp-json\/wp\/v2\/posts"}],"about":[{"href":"https:\/\/www.redesalvatoriana.org.br\/padrejordan\/blog\/wp-json\/wp\/v2\/types\/post"}],"author":[{"embeddable":true,"href":"https:\/\/www.redesalvatoriana.org.br\/padrejordan\/blog\/wp-json\/wp\/v2\/users\/3"}],"replies":[{"embeddable":true,"href":"https:\/\/www.redesalvatoriana.org.br\/padrejordan\/blog\/wp-json\/wp\/v2\/comments?post=2309"}],"version-history":[{"count":1,"href":"https:\/\/www.redesalvatoriana.org.br\/padrejordan\/blog\/wp-json\/wp\/v2\/posts\/2309\/revisions"}],"predecessor-version":[{"id":2312,"href":"https:\/\/www.redesalvatoriana.org.br\/padrejordan\/blog\/wp-json\/wp\/v2\/posts\/2309\/revisions\/2312"}],"wp:featuredmedia":[{"embeddable":true,"href":"https:\/\/www.redesalvatoriana.org.br\/padrejordan\/blog\/wp-json\/wp\/v2\/media\/2310"}],"wp:attachment":[{"href":"https:\/\/www.redesalvatoriana.org.br\/padrejordan\/blog\/wp-json\/wp\/v2\/media?parent=2309"}],"wp:term":[{"taxonomy":"category","embeddable":true,"href":"https:\/\/www.redesalvatoriana.org.br\/padrejordan\/blog\/wp-json\/wp\/v2\/categories?post=2309"},{"taxonomy":"post_tag","embeddable":true,"href":"https:\/\/www.redesalvatoriana.org.br\/padrejordan\/blog\/wp-json\/wp\/v2\/tags?post=2309"}],"curies":[{"name":"wp","href":"https:\/\/api.w.org\/{rel}","templated":true}]}}