{"id":2300,"date":"2021-05-04T16:52:05","date_gmt":"2021-05-04T19:52:05","guid":{"rendered":"https:\/\/www.salvatorianas.org.br\/padrejordan\/blog\/?p=2300"},"modified":"2021-05-04T16:52:05","modified_gmt":"2021-05-04T19:52:05","slug":"novena-de-beatificacao-de-padre-jordan","status":"publish","type":"post","link":"https:\/\/www.redesalvatoriana.org.br\/padrejordan\/blog\/2021\/05\/04\/novena-de-beatificacao-de-padre-jordan\/","title":{"rendered":"Novena de Beatifica\u00e7\u00e3o de Padre Jordan"},"content":{"rendered":"<p>Est\u00e1 se aproximando o dia t\u00e3o esperado em que a Igreja proclamar\u00e1 Padre Jordan, Fundador da Fam\u00edlia Salvatoriana, como &#8220;Bem-aventurado&#8221;.<\/p>\n<p>Como forma de nossa prepara\u00e7\u00e3o espiritual para vivermos com profundidade este momento e colhermos todos os frutos e gra\u00e7as que dele h\u00e1 de brotar, convidamos voc\u00ea, seus familiares e amigos para participarem da Novena preparat\u00f3ria a Beatifica\u00e7\u00e3o de Padre Jordan.<\/p>\n<p>Todos os dias, de 6 a 14 de maio, \u00e0s 20 horas, nos encontraremos pelo canal de nosso Col\u00e9gio no Youtube para este momento de f\u00e9 e devo\u00e7\u00e3o.<\/p>\n<p>Enviaremos os links diariamente pelo Aplicativo Rede Salvatoriana.<\/p>\n<p>Esperamos voc\u00ea!<\/p>\n<p>&nbsp;<\/p>\n","protected":false},"excerpt":{"rendered":"<p>Est\u00e1 se aproximando o dia t\u00e3o esperado em que a Igreja proclamar\u00e1 Padre Jordan, Fundador da Fam\u00edlia Salvatoriana, como &#8220;Bem-aventurado&#8221;. Como forma de nossa prepara\u00e7\u00e3o espiritual para vivermos com profundidade este momento e colhermos todos os frutos e gra\u00e7as que dele h\u00e1 de brotar, convidamos voc\u00ea, seus familiares e amigos para participarem da Novena preparat\u00f3ria [&hellip;]<\/p>\n","protected":false},"author":3,"featured_media":2301,"comment_status":"open","ping_status":"open","sticky":false,"template":"","format":"standard","meta":[],"categories":[6],"tags":[43],"_links":{"self":[{"href":"https:\/\/www.redesalvatoriana.org.br\/padrejordan\/blog\/wp-json\/wp\/v2\/posts\/2300"}],"collection":[{"href":"https:\/\/www.redesalvatoriana.org.br\/padrejordan\/blog\/wp-json\/wp\/v2\/posts"}],"about":[{"href":"https:\/\/www.redesalvatoriana.org.br\/padrejordan\/blog\/wp-json\/wp\/v2\/types\/post"}],"author":[{"embeddable":true,"href":"https:\/\/www.redesalvatoriana.org.br\/padrejordan\/blog\/wp-json\/wp\/v2\/users\/3"}],"replies":[{"embeddable":true,"href":"https:\/\/www.redesalvatoriana.org.br\/padrejordan\/blog\/wp-json\/wp\/v2\/comments?post=2300"}],"version-history":[{"count":1,"href":"https:\/\/www.redesalvatoriana.org.br\/padrejordan\/blog\/wp-json\/wp\/v2\/posts\/2300\/revisions"}],"predecessor-version":[{"id":2302,"href":"https:\/\/www.redesalvatoriana.org.br\/padrejordan\/blog\/wp-json\/wp\/v2\/posts\/2300\/revisions\/2302"}],"wp:featuredmedia":[{"embeddable":true,"href":"https:\/\/www.redesalvatoriana.org.br\/padrejordan\/blog\/wp-json\/wp\/v2\/media\/2301"}],"wp:attachment":[{"href":"https:\/\/www.redesalvatoriana.org.br\/padrejordan\/blog\/wp-json\/wp\/v2\/media?parent=2300"}],"wp:term":[{"taxonomy":"category","embeddable":true,"href":"https:\/\/www.redesalvatoriana.org.br\/padrejordan\/blog\/wp-json\/wp\/v2\/categories?post=2300"},{"taxonomy":"post_tag","embeddable":true,"href":"https:\/\/www.redesalvatoriana.org.br\/padrejordan\/blog\/wp-json\/wp\/v2\/tags?post=2300"}],"curies":[{"name":"wp","href":"https:\/\/api.w.org\/{rel}","templated":true}]}}