{"id":2285,"date":"2021-03-19T08:00:26","date_gmt":"2021-03-19T11:00:26","guid":{"rendered":"https:\/\/www.salvatorianas.org.br\/padrejordan\/blog\/?p=2285"},"modified":"2021-03-18T10:41:36","modified_gmt":"2021-03-18T13:41:36","slug":"19-de-marco-dia-do-glorioso-sao-jose","status":"publish","type":"post","link":"https:\/\/www.redesalvatoriana.org.br\/padrejordan\/blog\/2021\/03\/19\/19-de-marco-dia-do-glorioso-sao-jose\/","title":{"rendered":"19 de mar\u00e7o &#8211; Dia do Glorioso S\u00e3o Jos\u00e9"},"content":{"rendered":"<p>Hoje, com muita f\u00e9 e alegria celebramos a Solenidade de S\u00e3o Jos\u00e9, esposo da Bem-Aventurada Virgem Maria, Pai adotivo de Jesus, Patrono da Igreja Universal.<\/p>\n<p>Estamos vivendo o Ano Jubilar de S\u00e3o Jos\u00e9, proclamado pelo Papa Francisco para toda a Igreja.<\/p>\n<p>Queremos convidar voc\u00ea para assistir este v\u00eddeo t\u00e3o especial que preparamos para celebrar o dia deste grande homem que tem &#8220;um cora\u00e7\u00e3o de pai&#8221;.<\/p>\n<p>S\u00e3o Jos\u00e9, rogai por n\u00f3s!<\/p>\n<p>&nbsp;<\/p>\n<p>Assista ao v\u00eddeo que preparamos: https:\/\/youtu.be\/nL6mLmgSRwI<\/p>\n","protected":false},"excerpt":{"rendered":"<p>Hoje, com muita f\u00e9 e alegria celebramos a Solenidade de S\u00e3o Jos\u00e9, esposo da Bem-Aventurada Virgem Maria, Pai adotivo de Jesus, Patrono da Igreja Universal. Estamos vivendo o Ano Jubilar de S\u00e3o Jos\u00e9, proclamado pelo Papa Francisco para toda a Igreja. Queremos convidar voc\u00ea para assistir este v\u00eddeo t\u00e3o especial que preparamos para celebrar o [&hellip;]<\/p>\n","protected":false},"author":3,"featured_media":2286,"comment_status":"open","ping_status":"open","sticky":false,"template":"","format":"standard","meta":[],"categories":[6],"tags":[43],"_links":{"self":[{"href":"https:\/\/www.redesalvatoriana.org.br\/padrejordan\/blog\/wp-json\/wp\/v2\/posts\/2285"}],"collection":[{"href":"https:\/\/www.redesalvatoriana.org.br\/padrejordan\/blog\/wp-json\/wp\/v2\/posts"}],"about":[{"href":"https:\/\/www.redesalvatoriana.org.br\/padrejordan\/blog\/wp-json\/wp\/v2\/types\/post"}],"author":[{"embeddable":true,"href":"https:\/\/www.redesalvatoriana.org.br\/padrejordan\/blog\/wp-json\/wp\/v2\/users\/3"}],"replies":[{"embeddable":true,"href":"https:\/\/www.redesalvatoriana.org.br\/padrejordan\/blog\/wp-json\/wp\/v2\/comments?post=2285"}],"version-history":[{"count":1,"href":"https:\/\/www.redesalvatoriana.org.br\/padrejordan\/blog\/wp-json\/wp\/v2\/posts\/2285\/revisions"}],"predecessor-version":[{"id":2287,"href":"https:\/\/www.redesalvatoriana.org.br\/padrejordan\/blog\/wp-json\/wp\/v2\/posts\/2285\/revisions\/2287"}],"wp:featuredmedia":[{"embeddable":true,"href":"https:\/\/www.redesalvatoriana.org.br\/padrejordan\/blog\/wp-json\/wp\/v2\/media\/2286"}],"wp:attachment":[{"href":"https:\/\/www.redesalvatoriana.org.br\/padrejordan\/blog\/wp-json\/wp\/v2\/media?parent=2285"}],"wp:term":[{"taxonomy":"category","embeddable":true,"href":"https:\/\/www.redesalvatoriana.org.br\/padrejordan\/blog\/wp-json\/wp\/v2\/categories?post=2285"},{"taxonomy":"post_tag","embeddable":true,"href":"https:\/\/www.redesalvatoriana.org.br\/padrejordan\/blog\/wp-json\/wp\/v2\/tags?post=2285"}],"curies":[{"name":"wp","href":"https:\/\/api.w.org\/{rel}","templated":true}]}}