{"id":2282,"date":"2021-02-19T15:10:26","date_gmt":"2021-02-19T18:10:26","guid":{"rendered":"https:\/\/www.salvatorianas.org.br\/padrejordan\/blog\/?p=2282"},"modified":"2021-03-03T15:11:50","modified_gmt":"2021-03-03T18:11:50","slug":"volta-as-aulas-2021","status":"publish","type":"post","link":"https:\/\/www.redesalvatoriana.org.br\/padrejordan\/blog\/2021\/02\/19\/volta-as-aulas-2021\/","title":{"rendered":"Volta \u00e0s aulas &#8211; 2021"},"content":{"rendered":"<div class=\"kvgmc6g5 cxmmr5t8 oygrvhab hcukyx3x c1et5uql ii04i59q\">\n<div dir=\"auto\">Novos conhecimentos e experi\u00eancias enriquecedoras est\u00e3o esperando por voc\u00ea neste ano letivo que se inicia agora.<\/div>\n<div dir=\"auto\"><\/div>\n<\/div>\n<div class=\"o9v6fnle cxmmr5t8 oygrvhab hcukyx3x c1et5uql ii04i59q\">\n<div dir=\"auto\">Sejam bem-vindos, queridos estudantes! 2021 oficialmente come\u00e7ou!<\/div>\n<\/div>\n<div dir=\"auto\"><\/div>\n<div dir=\"auto\">https:\/\/www.facebook.com\/cspadrejordan\/posts\/3225903094178439<\/div>\n","protected":false},"excerpt":{"rendered":"<p>Novos conhecimentos e experi\u00eancias enriquecedoras est\u00e3o esperando por voc\u00ea neste ano letivo que se inicia agora. Sejam bem-vindos, queridos estudantes! 2021 oficialmente come\u00e7ou! https:\/\/www.facebook.com\/cspadrejordan\/posts\/3225903094178439<\/p>\n","protected":false},"author":3,"featured_media":0,"comment_status":"open","ping_status":"open","sticky":false,"template":"","format":"standard","meta":[],"categories":[6],"tags":[43],"_links":{"self":[{"href":"https:\/\/www.redesalvatoriana.org.br\/padrejordan\/blog\/wp-json\/wp\/v2\/posts\/2282"}],"collection":[{"href":"https:\/\/www.redesalvatoriana.org.br\/padrejordan\/blog\/wp-json\/wp\/v2\/posts"}],"about":[{"href":"https:\/\/www.redesalvatoriana.org.br\/padrejordan\/blog\/wp-json\/wp\/v2\/types\/post"}],"author":[{"embeddable":true,"href":"https:\/\/www.redesalvatoriana.org.br\/padrejordan\/blog\/wp-json\/wp\/v2\/users\/3"}],"replies":[{"embeddable":true,"href":"https:\/\/www.redesalvatoriana.org.br\/padrejordan\/blog\/wp-json\/wp\/v2\/comments?post=2282"}],"version-history":[{"count":1,"href":"https:\/\/www.redesalvatoriana.org.br\/padrejordan\/blog\/wp-json\/wp\/v2\/posts\/2282\/revisions"}],"predecessor-version":[{"id":2283,"href":"https:\/\/www.redesalvatoriana.org.br\/padrejordan\/blog\/wp-json\/wp\/v2\/posts\/2282\/revisions\/2283"}],"wp:attachment":[{"href":"https:\/\/www.redesalvatoriana.org.br\/padrejordan\/blog\/wp-json\/wp\/v2\/media?parent=2282"}],"wp:term":[{"taxonomy":"category","embeddable":true,"href":"https:\/\/www.redesalvatoriana.org.br\/padrejordan\/blog\/wp-json\/wp\/v2\/categories?post=2282"},{"taxonomy":"post_tag","embeddable":true,"href":"https:\/\/www.redesalvatoriana.org.br\/padrejordan\/blog\/wp-json\/wp\/v2\/tags?post=2282"}],"curies":[{"name":"wp","href":"https:\/\/api.w.org\/{rel}","templated":true}]}}