{"id":2267,"date":"2020-11-26T16:31:14","date_gmt":"2020-11-26T19:31:14","guid":{"rendered":"https:\/\/www.salvatorianas.org.br\/padrejordan\/blog\/?p=2267"},"modified":"2020-12-01T10:48:15","modified_gmt":"2020-12-01T13:48:15","slug":"novena-de-natal-da-familia-salvatoriana-2020","status":"publish","type":"post","link":"https:\/\/www.redesalvatoriana.org.br\/padrejordan\/blog\/2020\/11\/26\/novena-de-natal-da-familia-salvatoriana-2020\/","title":{"rendered":"Novena de Natal da Fam\u00edlia Salvatoriana &#8211; 2020"},"content":{"rendered":"<p>Temos um convite muito especial para voc\u00eas.<\/p>\n<p>Vamos juntos preparar os nossos cora\u00e7\u00f5es e as nossas vidas para celebrar a mem\u00f3ria da natividade do Salvador, atrav\u00e9s da Novena de Natal da Fam\u00edlia Salvatoriana?<\/p>\n<p>Ser\u00e1 uma grande alegria poder contar com a participa\u00e7\u00e3o de voc\u00eas ao longo desta Novena, que come\u00e7ar\u00e1 no pr\u00f3ximo Domingo, dia 29 de novembro, e se prolongar\u00e1 at\u00e9 o dia 07 de dezembro, sempre \u00e0s 20horas, pelo canal do Col\u00e9gio no Youtube.<br \/>\nOs links ser\u00e3o publicados diariamente logo abaixo.<\/p>\n<p>Que juntos possamos dizer: &#8220;Maranat\u00e1! Vem Senhor Jesus!&#8221;<\/p>\n<p>&nbsp;<\/p>\n<p>Primeiro Encontro &#8211; 29\/11<\/p>\n<p><iframe loading=\"lazy\" title=\"Primeiro encontro - Novena de Natal da Fam\u00edlia Salvatoriana\" width=\"500\" height=\"281\" src=\"https:\/\/www.youtube.com\/embed\/9lR-LBMx2LI?feature=oembed\" frameborder=\"0\" allow=\"accelerometer; autoplay; clipboard-write; encrypted-media; gyroscope; picture-in-picture\" allowfullscreen><\/iframe><\/p>\n<p>Segundo Encontro &#8211; 30\/11<\/p>\n<p><iframe loading=\"lazy\" title=\"Segundo encontro - Novena de Natal da Fam\u00edlia Salvatoriana\" width=\"500\" height=\"281\" src=\"https:\/\/www.youtube.com\/embed\/Iom-CV5HtA0?feature=oembed\" frameborder=\"0\" allow=\"accelerometer; autoplay; clipboard-write; encrypted-media; gyroscope; picture-in-picture\" allowfullscreen><\/iframe><\/p>\n<p>Terceiro Encontro &#8211; 01\/12<\/p>\n<p><iframe loading=\"lazy\" title=\"Terceiro encontro - Novena de Natal da Fam\u00edlia Salvatoriana\" width=\"500\" height=\"281\" src=\"https:\/\/www.youtube.com\/embed\/Qoy8Guwv3L8?feature=oembed\" frameborder=\"0\" allow=\"accelerometer; autoplay; clipboard-write; encrypted-media; gyroscope; picture-in-picture\" allowfullscreen><\/iframe><\/p>\n","protected":false},"excerpt":{"rendered":"<p>Temos um convite muito especial para voc\u00eas. Vamos juntos preparar os nossos cora\u00e7\u00f5es e as nossas vidas para celebrar a mem\u00f3ria da natividade do Salvador, atrav\u00e9s da Novena de Natal da Fam\u00edlia Salvatoriana? Ser\u00e1 uma grande alegria poder contar com a participa\u00e7\u00e3o de voc\u00eas ao longo desta Novena, que come\u00e7ar\u00e1 no pr\u00f3ximo Domingo, dia 29 [&hellip;]<\/p>\n","protected":false},"author":3,"featured_media":2269,"comment_status":"open","ping_status":"open","sticky":false,"template":"","format":"standard","meta":[],"categories":[6],"tags":[43],"_links":{"self":[{"href":"https:\/\/www.redesalvatoriana.org.br\/padrejordan\/blog\/wp-json\/wp\/v2\/posts\/2267"}],"collection":[{"href":"https:\/\/www.redesalvatoriana.org.br\/padrejordan\/blog\/wp-json\/wp\/v2\/posts"}],"about":[{"href":"https:\/\/www.redesalvatoriana.org.br\/padrejordan\/blog\/wp-json\/wp\/v2\/types\/post"}],"author":[{"embeddable":true,"href":"https:\/\/www.redesalvatoriana.org.br\/padrejordan\/blog\/wp-json\/wp\/v2\/users\/3"}],"replies":[{"embeddable":true,"href":"https:\/\/www.redesalvatoriana.org.br\/padrejordan\/blog\/wp-json\/wp\/v2\/comments?post=2267"}],"version-history":[{"count":2,"href":"https:\/\/www.redesalvatoriana.org.br\/padrejordan\/blog\/wp-json\/wp\/v2\/posts\/2267\/revisions"}],"predecessor-version":[{"id":2271,"href":"https:\/\/www.redesalvatoriana.org.br\/padrejordan\/blog\/wp-json\/wp\/v2\/posts\/2267\/revisions\/2271"}],"wp:featuredmedia":[{"embeddable":true,"href":"https:\/\/www.redesalvatoriana.org.br\/padrejordan\/blog\/wp-json\/wp\/v2\/media\/2269"}],"wp:attachment":[{"href":"https:\/\/www.redesalvatoriana.org.br\/padrejordan\/blog\/wp-json\/wp\/v2\/media?parent=2267"}],"wp:term":[{"taxonomy":"category","embeddable":true,"href":"https:\/\/www.redesalvatoriana.org.br\/padrejordan\/blog\/wp-json\/wp\/v2\/categories?post=2267"},{"taxonomy":"post_tag","embeddable":true,"href":"https:\/\/www.redesalvatoriana.org.br\/padrejordan\/blog\/wp-json\/wp\/v2\/tags?post=2267"}],"curies":[{"name":"wp","href":"https:\/\/api.w.org\/{rel}","templated":true}]}}