{"id":2264,"date":"2020-11-10T16:13:15","date_gmt":"2020-11-10T19:13:15","guid":{"rendered":"https:\/\/www.salvatorianas.org.br\/padrejordan\/blog\/?p=2264"},"modified":"2020-11-10T16:13:15","modified_gmt":"2020-11-10T19:13:15","slug":"comvida-primeiro-ano","status":"publish","type":"post","link":"https:\/\/www.redesalvatoriana.org.br\/padrejordan\/blog\/2020\/11\/10\/comvida-primeiro-ano\/","title":{"rendered":"Com+Vida &#8211; Primeiro ano"},"content":{"rendered":"<div dir=\"ltr\">Estamos vivendo um momento jamais vivido por todos n\u00f3s, experienciando o inesperado, um isolamento social. Muito de nossas rotinas se transformaram, fam\u00edlias trabalhando em casa, filhos estudando em casa, outra din\u00e2mica tomou conta de nossas vidas, e isso tudo para preservar o bem maior: o dom da vida!<\/div>\n<div dir=\"ltr\">\nIdealizamos o projeto Com+Vida, que visa mostrar a todos um pouquinho do Valor da Vida. Os estudantes do primeiro ano, juntamente com as professoras e suas fam\u00edlias, compartilharam suas viv\u00eancias conosco neste per\u00edodo que exige um pouco mais de calma, compreens\u00e3o e colabora\u00e7\u00e3o.<\/div>\n<div dir=\"ltr\"><\/div>\n<div dir=\"ltr\">Vamos viver e ser feliz com os pequenos detalhes que nos cercam!<\/div>\n<div dir=\"ltr\"><\/div>\n<div dir=\"ltr\">Assista ao v\u00eddeo:<\/div>\n<div dir=\"ltr\">https:\/\/www.facebook.com\/watch\/?v=756913208499751<\/div>\n<div dir=\"ltr\"><\/div>\n","protected":false},"excerpt":{"rendered":"<p>Estamos vivendo um momento jamais vivido por todos n\u00f3s, experienciando o inesperado, um isolamento social. Muito de nossas rotinas se transformaram, fam\u00edlias trabalhando em casa, filhos estudando em casa, outra din\u00e2mica tomou conta de nossas vidas, e isso tudo para preservar o bem maior: o dom da vida! Idealizamos o projeto Com+Vida, que visa mostrar [&hellip;]<\/p>\n","protected":false},"author":3,"featured_media":0,"comment_status":"open","ping_status":"open","sticky":false,"template":"","format":"standard","meta":[],"categories":[5],"tags":[],"_links":{"self":[{"href":"https:\/\/www.redesalvatoriana.org.br\/padrejordan\/blog\/wp-json\/wp\/v2\/posts\/2264"}],"collection":[{"href":"https:\/\/www.redesalvatoriana.org.br\/padrejordan\/blog\/wp-json\/wp\/v2\/posts"}],"about":[{"href":"https:\/\/www.redesalvatoriana.org.br\/padrejordan\/blog\/wp-json\/wp\/v2\/types\/post"}],"author":[{"embeddable":true,"href":"https:\/\/www.redesalvatoriana.org.br\/padrejordan\/blog\/wp-json\/wp\/v2\/users\/3"}],"replies":[{"embeddable":true,"href":"https:\/\/www.redesalvatoriana.org.br\/padrejordan\/blog\/wp-json\/wp\/v2\/comments?post=2264"}],"version-history":[{"count":1,"href":"https:\/\/www.redesalvatoriana.org.br\/padrejordan\/blog\/wp-json\/wp\/v2\/posts\/2264\/revisions"}],"predecessor-version":[{"id":2265,"href":"https:\/\/www.redesalvatoriana.org.br\/padrejordan\/blog\/wp-json\/wp\/v2\/posts\/2264\/revisions\/2265"}],"wp:attachment":[{"href":"https:\/\/www.redesalvatoriana.org.br\/padrejordan\/blog\/wp-json\/wp\/v2\/media?parent=2264"}],"wp:term":[{"taxonomy":"category","embeddable":true,"href":"https:\/\/www.redesalvatoriana.org.br\/padrejordan\/blog\/wp-json\/wp\/v2\/categories?post=2264"},{"taxonomy":"post_tag","embeddable":true,"href":"https:\/\/www.redesalvatoriana.org.br\/padrejordan\/blog\/wp-json\/wp\/v2\/tags?post=2264"}],"curies":[{"name":"wp","href":"https:\/\/api.w.org\/{rel}","templated":true}]}}