{"id":2254,"date":"2020-09-15T14:22:50","date_gmt":"2020-09-15T17:22:50","guid":{"rendered":"https:\/\/www.salvatorianas.org.br\/padrejordan\/blog\/?p=2254"},"modified":"2020-09-15T14:22:50","modified_gmt":"2020-09-15T17:22:50","slug":"temos-uma-novidade-para-2021","status":"publish","type":"post","link":"https:\/\/www.redesalvatoriana.org.br\/padrejordan\/blog\/2020\/09\/15\/temos-uma-novidade-para-2021\/","title":{"rendered":"Temos uma novidade para 2021!"},"content":{"rendered":"<div>Temos uma novidade super especial para compartilhar com voc\u00eas!<\/div>\n<div><\/div>\n<div>A partir de 2021, nosso Col\u00e9gio ter\u00e1 turmas de 6\u00ba ano do Ensino Fundamental!<\/div>\n<div><\/div>\n<div>Para maiores informa\u00e7\u00f5es, procure a Secretaria do Col\u00e9gio!<\/div>\n","protected":false},"excerpt":{"rendered":"<p>Temos uma novidade super especial para compartilhar com voc\u00eas! A partir de 2021, nosso Col\u00e9gio ter\u00e1 turmas de 6\u00ba ano do Ensino Fundamental! Para maiores informa\u00e7\u00f5es, procure a Secretaria do Col\u00e9gio!<\/p>\n","protected":false},"author":3,"featured_media":2255,"comment_status":"open","ping_status":"open","sticky":false,"template":"","format":"standard","meta":[],"categories":[6],"tags":[43],"_links":{"self":[{"href":"https:\/\/www.redesalvatoriana.org.br\/padrejordan\/blog\/wp-json\/wp\/v2\/posts\/2254"}],"collection":[{"href":"https:\/\/www.redesalvatoriana.org.br\/padrejordan\/blog\/wp-json\/wp\/v2\/posts"}],"about":[{"href":"https:\/\/www.redesalvatoriana.org.br\/padrejordan\/blog\/wp-json\/wp\/v2\/types\/post"}],"author":[{"embeddable":true,"href":"https:\/\/www.redesalvatoriana.org.br\/padrejordan\/blog\/wp-json\/wp\/v2\/users\/3"}],"replies":[{"embeddable":true,"href":"https:\/\/www.redesalvatoriana.org.br\/padrejordan\/blog\/wp-json\/wp\/v2\/comments?post=2254"}],"version-history":[{"count":1,"href":"https:\/\/www.redesalvatoriana.org.br\/padrejordan\/blog\/wp-json\/wp\/v2\/posts\/2254\/revisions"}],"predecessor-version":[{"id":2256,"href":"https:\/\/www.redesalvatoriana.org.br\/padrejordan\/blog\/wp-json\/wp\/v2\/posts\/2254\/revisions\/2256"}],"wp:featuredmedia":[{"embeddable":true,"href":"https:\/\/www.redesalvatoriana.org.br\/padrejordan\/blog\/wp-json\/wp\/v2\/media\/2255"}],"wp:attachment":[{"href":"https:\/\/www.redesalvatoriana.org.br\/padrejordan\/blog\/wp-json\/wp\/v2\/media?parent=2254"}],"wp:term":[{"taxonomy":"category","embeddable":true,"href":"https:\/\/www.redesalvatoriana.org.br\/padrejordan\/blog\/wp-json\/wp\/v2\/categories?post=2254"},{"taxonomy":"post_tag","embeddable":true,"href":"https:\/\/www.redesalvatoriana.org.br\/padrejordan\/blog\/wp-json\/wp\/v2\/tags?post=2254"}],"curies":[{"name":"wp","href":"https:\/\/api.w.org\/{rel}","templated":true}]}}