{"id":2246,"date":"2020-07-28T08:25:38","date_gmt":"2020-07-28T11:25:38","guid":{"rendered":"https:\/\/www.salvatorianas.org.br\/padrejordan\/blog\/?p=2246"},"modified":"2020-08-26T10:16:03","modified_gmt":"2020-08-26T13:16:03","slug":"rede-salvatoriana-lanca-campanha-comvida","status":"publish","type":"post","link":"https:\/\/www.redesalvatoriana.org.br\/padrejordan\/blog\/2020\/07\/28\/rede-salvatoriana-lanca-campanha-comvida\/","title":{"rendered":"Rede Salvatoriana lan\u00e7a campanha COM+VIDA"},"content":{"rendered":"<p>Uma das miss\u00f5es da Rede Salvatoriana \u00e9 o zelo pela vida e cuidado para com o pr\u00f3ximo, que em tempos de pandemia \u00e9 a ess\u00eancia para uma retomada com seguran\u00e7a e de forma gradual ao \u201cnovo normal\u201d, que nos pede para sermos +solid\u00e1rios, +amorosos, +esperan\u00e7osos, +unidos, +emp\u00e1ticos e +salvatorianos.<\/p>\n<p>A campanha COM+VIDA, iniciativa lan\u00e7ada em meio a este per\u00edodo turbulento, mais do que a cria\u00e7\u00e3o do plano t\u00e1tico e estrat\u00e9gico de retorno \u00e0s aulas presenciais, visa a realiza\u00e7\u00e3o de a\u00e7\u00f5es atreladas \u00e0s atividades de desenvolvimento junto aos educadores, estudantes, fam\u00edlias, comunidades e todos que de alguma forma se conectam com a miss\u00e3o salvatoriana.<\/p>\n<p>Todos os cuidados e precau\u00e7\u00f5es est\u00e3o sendo tomadas para o retorno \u00e0s aulas presenciais, colocando a VIDA de todos sempre em primeiro lugar. Vale ressaltar que as atividades retornar\u00e3o quando for publicado o decreto permitindo retomada gradativa das aulas nas escolas particulares.<\/p>\n<p>Como dom maior e centro da miss\u00e3o salvatoriana, a Rede preocupa-se com a preserva\u00e7\u00e3o e o cuidado com a VIDA, e neste momento at\u00edpico, deseja-se que todos se sintam seguros para continuarem a trilhar um caminho de grandes perspectivas, tendo a certeza de que tudo logo passar\u00e1.<\/p>\n<p>&nbsp;<\/p>\n","protected":false},"excerpt":{"rendered":"<p>Uma das miss\u00f5es da Rede Salvatoriana \u00e9 o zelo pela vida e cuidado para com o pr\u00f3ximo, que em tempos de pandemia \u00e9 a ess\u00eancia para uma retomada com seguran\u00e7a e de forma gradual ao \u201cnovo normal\u201d, que nos pede para sermos +solid\u00e1rios, +amorosos, +esperan\u00e7osos, +unidos, +emp\u00e1ticos e +salvatorianos. A campanha COM+VIDA, iniciativa lan\u00e7ada em [&hellip;]<\/p>\n","protected":false},"author":3,"featured_media":2247,"comment_status":"open","ping_status":"open","sticky":false,"template":"","format":"standard","meta":[],"categories":[6],"tags":[43],"_links":{"self":[{"href":"https:\/\/www.redesalvatoriana.org.br\/padrejordan\/blog\/wp-json\/wp\/v2\/posts\/2246"}],"collection":[{"href":"https:\/\/www.redesalvatoriana.org.br\/padrejordan\/blog\/wp-json\/wp\/v2\/posts"}],"about":[{"href":"https:\/\/www.redesalvatoriana.org.br\/padrejordan\/blog\/wp-json\/wp\/v2\/types\/post"}],"author":[{"embeddable":true,"href":"https:\/\/www.redesalvatoriana.org.br\/padrejordan\/blog\/wp-json\/wp\/v2\/users\/3"}],"replies":[{"embeddable":true,"href":"https:\/\/www.redesalvatoriana.org.br\/padrejordan\/blog\/wp-json\/wp\/v2\/comments?post=2246"}],"version-history":[{"count":1,"href":"https:\/\/www.redesalvatoriana.org.br\/padrejordan\/blog\/wp-json\/wp\/v2\/posts\/2246\/revisions"}],"predecessor-version":[{"id":2248,"href":"https:\/\/www.redesalvatoriana.org.br\/padrejordan\/blog\/wp-json\/wp\/v2\/posts\/2246\/revisions\/2248"}],"wp:featuredmedia":[{"embeddable":true,"href":"https:\/\/www.redesalvatoriana.org.br\/padrejordan\/blog\/wp-json\/wp\/v2\/media\/2247"}],"wp:attachment":[{"href":"https:\/\/www.redesalvatoriana.org.br\/padrejordan\/blog\/wp-json\/wp\/v2\/media?parent=2246"}],"wp:term":[{"taxonomy":"category","embeddable":true,"href":"https:\/\/www.redesalvatoriana.org.br\/padrejordan\/blog\/wp-json\/wp\/v2\/categories?post=2246"},{"taxonomy":"post_tag","embeddable":true,"href":"https:\/\/www.redesalvatoriana.org.br\/padrejordan\/blog\/wp-json\/wp\/v2\/tags?post=2246"}],"curies":[{"name":"wp","href":"https:\/\/api.w.org\/{rel}","templated":true}]}}