{"id":2662,"date":"2023-04-11T11:19:51","date_gmt":"2023-04-11T11:19:51","guid":{"rendered":"https:\/\/www.redesalvatoriana.org.br\/imaculada\/blog\/?p=2662"},"modified":"2023-04-11T11:21:41","modified_gmt":"2023-04-11T11:21:41","slug":"momento-de-espiritualidade-de-pascoa-com-os-colaboradores","status":"publish","type":"post","link":"https:\/\/www.redesalvatoriana.org.br\/imaculada\/blog\/2023\/04\/11\/momento-de-espiritualidade-de-pascoa-com-os-colaboradores\/","title":{"rendered":"Momento de Espiritualidade de P\u00e1scoa com os Colaboradores"},"content":{"rendered":"<p>No dia 06 de abril, tivemos um inspirador Momento Espiritual, conduzido pelo Padre \u00c1lvaro, que conectou o Carisma Salvatoriano com a Semana Santa.<\/p>\n<p>Durante essa reflex\u00e3o, fomos lembrados de como o ato de servir e ser servido s\u00e3o profundamente significativos. Servir \u00e9 um ato de generosidade, de colocar o outro em primeiro lugar, estendendo a m\u00e3o e oferecendo ajuda. No entanto, ser servido tamb\u00e9m \u00e9 uma li\u00e7\u00e3o de humildade, reconhecendo que todos precisamos uns dos outros. A vida \u00e9 uma dan\u00e7a harmoniosa entre servir e ser servido, onde ambos s\u00e3o igualmente valiosos e essenciais para construir conex\u00f5es verdadeiras e cultivar a empatia.<\/p>\n<p>Que possamos encontrar equil\u00edbrio nesse compasso, compreendendo que servir \u00e9 um privil\u00e9gio e ser servido \u00e9 uma oportunidade para crescer em gratid\u00e3o. \ud83d\ude4f\ud83c\udf3b<\/p>\n<p style=\"text-align: center;\"><img loading=\"lazy\" class=\"alignnone wp-image-2664\" src=\"https:\/\/www.redesalvatoriana.org.br\/imaculada\/blog\/wp-content\/uploads\/2023\/04\/2-687x458.jpg\" alt=\"\" width=\"263\" height=\"175\" srcset=\"https:\/\/www.redesalvatoriana.org.br\/imaculada\/blog\/wp-content\/uploads\/2023\/04\/2-687x458.jpg 687w, https:\/\/www.redesalvatoriana.org.br\/imaculada\/blog\/wp-content\/uploads\/2023\/04\/2-1620x1080.jpg 1620w, https:\/\/www.redesalvatoriana.org.br\/imaculada\/blog\/wp-content\/uploads\/2023\/04\/2-768x512.jpg 768w, https:\/\/www.redesalvatoriana.org.br\/imaculada\/blog\/wp-content\/uploads\/2023\/04\/2-1536x1024.jpg 1536w, https:\/\/www.redesalvatoriana.org.br\/imaculada\/blog\/wp-content\/uploads\/2023\/04\/2-2048x1365.jpg 2048w\" sizes=\"(max-width: 263px) 100vw, 263px\" \/> <img loading=\"lazy\" class=\"wp-image-2665 alignnone\" src=\"https:\/\/www.redesalvatoriana.org.br\/imaculada\/blog\/wp-content\/uploads\/2023\/04\/IMG_2135-687x458.jpg\" alt=\"\" width=\"263\" height=\"175\" srcset=\"https:\/\/www.redesalvatoriana.org.br\/imaculada\/blog\/wp-content\/uploads\/2023\/04\/IMG_2135-687x458.jpg 687w, https:\/\/www.redesalvatoriana.org.br\/imaculada\/blog\/wp-content\/uploads\/2023\/04\/IMG_2135-1620x1080.jpg 1620w, https:\/\/www.redesalvatoriana.org.br\/imaculada\/blog\/wp-content\/uploads\/2023\/04\/IMG_2135-768x512.jpg 768w, https:\/\/www.redesalvatoriana.org.br\/imaculada\/blog\/wp-content\/uploads\/2023\/04\/IMG_2135-1536x1024.jpg 1536w, https:\/\/www.redesalvatoriana.org.br\/imaculada\/blog\/wp-content\/uploads\/2023\/04\/IMG_2135-2048x1365.jpg 2048w\" sizes=\"(max-width: 263px) 100vw, 263px\" \/> <img loading=\"lazy\" class=\"alignnone wp-image-2666\" src=\"https:\/\/www.redesalvatoriana.org.br\/imaculada\/blog\/wp-content\/uploads\/2023\/04\/IMG_2165-687x458.jpg\" alt=\"\" width=\"263\" height=\"175\" srcset=\"https:\/\/www.redesalvatoriana.org.br\/imaculada\/blog\/wp-content\/uploads\/2023\/04\/IMG_2165-687x458.jpg 687w, https:\/\/www.redesalvatoriana.org.br\/imaculada\/blog\/wp-content\/uploads\/2023\/04\/IMG_2165-1620x1080.jpg 1620w, https:\/\/www.redesalvatoriana.org.br\/imaculada\/blog\/wp-content\/uploads\/2023\/04\/IMG_2165-768x512.jpg 768w, https:\/\/www.redesalvatoriana.org.br\/imaculada\/blog\/wp-content\/uploads\/2023\/04\/IMG_2165-1536x1024.jpg 1536w, https:\/\/www.redesalvatoriana.org.br\/imaculada\/blog\/wp-content\/uploads\/2023\/04\/IMG_2165-2048x1365.jpg 2048w\" sizes=\"(max-width: 263px) 100vw, 263px\" \/><\/p>\n<p style=\"text-align: left;\">\u00a0 \u00a0 \u00a0 \u00a0 \u00a0 \u00a0 \u00a0 \u00a0 \u00a0 \u00a0 \u00a0 \u00a0 \u00a0 \u00a0 <img loading=\"lazy\" class=\"alignnone wp-image-2667\" src=\"https:\/\/www.redesalvatoriana.org.br\/imaculada\/blog\/wp-content\/uploads\/2023\/04\/IMG_2174-687x458.jpg\" alt=\"\" width=\"265\" height=\"176\" srcset=\"https:\/\/www.redesalvatoriana.org.br\/imaculada\/blog\/wp-content\/uploads\/2023\/04\/IMG_2174-687x458.jpg 687w, https:\/\/www.redesalvatoriana.org.br\/imaculada\/blog\/wp-content\/uploads\/2023\/04\/IMG_2174-1620x1080.jpg 1620w, https:\/\/www.redesalvatoriana.org.br\/imaculada\/blog\/wp-content\/uploads\/2023\/04\/IMG_2174-768x512.jpg 768w, https:\/\/www.redesalvatoriana.org.br\/imaculada\/blog\/wp-content\/uploads\/2023\/04\/IMG_2174-1536x1024.jpg 1536w, https:\/\/www.redesalvatoriana.org.br\/imaculada\/blog\/wp-content\/uploads\/2023\/04\/IMG_2174-2048x1365.jpg 2048w\" sizes=\"(max-width: 265px) 100vw, 265px\" \/> <img loading=\"lazy\" class=\"alignnone wp-image-2668\" src=\"https:\/\/www.redesalvatoriana.org.br\/imaculada\/blog\/wp-content\/uploads\/2023\/04\/IMG_2207-687x458.jpg\" alt=\"\" width=\"266\" height=\"177\" srcset=\"https:\/\/www.redesalvatoriana.org.br\/imaculada\/blog\/wp-content\/uploads\/2023\/04\/IMG_2207-687x458.jpg 687w, https:\/\/www.redesalvatoriana.org.br\/imaculada\/blog\/wp-content\/uploads\/2023\/04\/IMG_2207-1620x1080.jpg 1620w, https:\/\/www.redesalvatoriana.org.br\/imaculada\/blog\/wp-content\/uploads\/2023\/04\/IMG_2207-768x512.jpg 768w, https:\/\/www.redesalvatoriana.org.br\/imaculada\/blog\/wp-content\/uploads\/2023\/04\/IMG_2207-1536x1024.jpg 1536w, https:\/\/www.redesalvatoriana.org.br\/imaculada\/blog\/wp-content\/uploads\/2023\/04\/IMG_2207-2048x1365.jpg 2048w\" sizes=\"(max-width: 266px) 100vw, 266px\" \/><\/p>\n","protected":false},"excerpt":{"rendered":"<p>No dia 06 de abril, tivemos um inspirador Momento Espiritual, conduzido pelo Padre \u00c1lvaro, que conectou o Carisma Salvatoriano com a Semana Santa. Durante essa reflex\u00e3o, fomos lembrados de como o ato de servir e ser servido s\u00e3o profundamente significativos. Servir \u00e9 um ato de generosidade, de colocar o outro em primeiro lugar, estendendo a [&hellip;]<\/p>\n","protected":false},"author":2,"featured_media":2663,"comment_status":"open","ping_status":"open","sticky":false,"template":"","format":"standard","meta":[],"categories":[3,4,5,2,6],"tags":[25],"_links":{"self":[{"href":"https:\/\/www.redesalvatoriana.org.br\/imaculada\/blog\/wp-json\/wp\/v2\/posts\/2662"}],"collection":[{"href":"https:\/\/www.redesalvatoriana.org.br\/imaculada\/blog\/wp-json\/wp\/v2\/posts"}],"about":[{"href":"https:\/\/www.redesalvatoriana.org.br\/imaculada\/blog\/wp-json\/wp\/v2\/types\/post"}],"author":[{"embeddable":true,"href":"https:\/\/www.redesalvatoriana.org.br\/imaculada\/blog\/wp-json\/wp\/v2\/users\/2"}],"replies":[{"embeddable":true,"href":"https:\/\/www.redesalvatoriana.org.br\/imaculada\/blog\/wp-json\/wp\/v2\/comments?post=2662"}],"version-history":[{"count":2,"href":"https:\/\/www.redesalvatoriana.org.br\/imaculada\/blog\/wp-json\/wp\/v2\/posts\/2662\/revisions"}],"predecessor-version":[{"id":2670,"href":"https:\/\/www.redesalvatoriana.org.br\/imaculada\/blog\/wp-json\/wp\/v2\/posts\/2662\/revisions\/2670"}],"wp:featuredmedia":[{"embeddable":true,"href":"https:\/\/www.redesalvatoriana.org.br\/imaculada\/blog\/wp-json\/wp\/v2\/media\/2663"}],"wp:attachment":[{"href":"https:\/\/www.redesalvatoriana.org.br\/imaculada\/blog\/wp-json\/wp\/v2\/media?parent=2662"}],"wp:term":[{"taxonomy":"category","embeddable":true,"href":"https:\/\/www.redesalvatoriana.org.br\/imaculada\/blog\/wp-json\/wp\/v2\/categories?post=2662"},{"taxonomy":"post_tag","embeddable":true,"href":"https:\/\/www.redesalvatoriana.org.br\/imaculada\/blog\/wp-json\/wp\/v2\/tags?post=2662"}],"curies":[{"name":"wp","href":"https:\/\/api.w.org\/{rel}","templated":true}]}}