{"id":995,"date":"2018-09-21T15:00:56","date_gmt":"2018-09-21T15:00:56","guid":{"rendered":"https:\/\/www.redesalvatoriana.org.br\/fatima\/blog\/?p=995"},"modified":"2018-09-21T18:56:59","modified_gmt":"2018-09-21T18:56:59","slug":"culinaria-torta-de-peixe","status":"publish","type":"post","link":"https:\/\/www.redesalvatoriana.org.br\/fatima\/blog\/2018\/09\/21\/culinaria-torta-de-peixe\/","title":{"rendered":"Culin\u00e1ria &#8211; Torta de peixe"},"content":{"rendered":"<p>Inspirados nas descobertas do fundo do mar as turmas da Educa\u00e7\u00e3o Infantil do Contraturno observaram com entusiasmo o peixe Sardinha por fora e por dentro.<br \/>\nAp\u00f3s, as crian\u00e7as colocaram a m\u00e3o na massa e prepararam uma deliciosa torta de peixe.<\/p>\n<p><img src=\"https:\/\/scontent.fbnu4-1.fna.fbcdn.net\/v\/t1.0-9\/42270750_2291063964241816_3667219755099488256_n.jpg?_nc_cat=110&amp;oh=632b5b91701b59a4071a44b69e2a6399&amp;oe=5C154683\" alt=\"A imagem pode conter: 3 pessoas, pessoas sorrindo, pessoas sentadas e \u00c3\u00a1rea interna\" \/><\/p>\n<p><img src=\"https:\/\/scontent.fbnu4-1.fna.fbcdn.net\/v\/t1.0-9\/42224021_2291063857575160_4701914373554176000_n.jpg?_nc_cat=109&amp;oh=8f47e7b80fc397c738b3958f25983d18&amp;oe=5C24C98A\" alt=\"A imagem pode conter: 4 pessoas, pessoas sentadas\" \/><\/p>\n<p><img src=\"https:\/\/scontent.fbnu4-1.fna.fbcdn.net\/v\/t1.0-9\/42269283_2291063960908483_7683818117427888128_n.jpg?_nc_cat=104&amp;oh=b34cc38e47385a145f0dae5bad5311f9&amp;oe=5C5D09BB\" alt=\"A imagem pode conter: 7 pessoas, pessoas sorrindo, pessoas sentadas, crian\u00c3\u00a7a e texto\" \/><\/p>\n","protected":false},"excerpt":{"rendered":"<p>Inspirados nas descobertas do fundo do mar as turmas da Educa\u00e7\u00e3o Infantil do Contraturno observaram com entusiasmo o peixe Sardinha por fora e por dentro. Ap\u00f3s, as crian\u00e7as colocaram a m\u00e3o na massa e prepararam uma deliciosa torta de peixe.<\/p>\n","protected":false},"author":2,"featured_media":996,"comment_status":"open","ping_status":"open","sticky":false,"template":"","format":"standard","meta":[],"categories":[3],"tags":[],"_links":{"self":[{"href":"https:\/\/www.redesalvatoriana.org.br\/fatima\/blog\/wp-json\/wp\/v2\/posts\/995"}],"collection":[{"href":"https:\/\/www.redesalvatoriana.org.br\/fatima\/blog\/wp-json\/wp\/v2\/posts"}],"about":[{"href":"https:\/\/www.redesalvatoriana.org.br\/fatima\/blog\/wp-json\/wp\/v2\/types\/post"}],"author":[{"embeddable":true,"href":"https:\/\/www.redesalvatoriana.org.br\/fatima\/blog\/wp-json\/wp\/v2\/users\/2"}],"replies":[{"embeddable":true,"href":"https:\/\/www.redesalvatoriana.org.br\/fatima\/blog\/wp-json\/wp\/v2\/comments?post=995"}],"version-history":[{"count":1,"href":"https:\/\/www.redesalvatoriana.org.br\/fatima\/blog\/wp-json\/wp\/v2\/posts\/995\/revisions"}],"predecessor-version":[{"id":997,"href":"https:\/\/www.redesalvatoriana.org.br\/fatima\/blog\/wp-json\/wp\/v2\/posts\/995\/revisions\/997"}],"wp:featuredmedia":[{"embeddable":true,"href":"https:\/\/www.redesalvatoriana.org.br\/fatima\/blog\/wp-json\/wp\/v2\/media\/996"}],"wp:attachment":[{"href":"https:\/\/www.redesalvatoriana.org.br\/fatima\/blog\/wp-json\/wp\/v2\/media?parent=995"}],"wp:term":[{"taxonomy":"category","embeddable":true,"href":"https:\/\/www.redesalvatoriana.org.br\/fatima\/blog\/wp-json\/wp\/v2\/categories?post=995"},{"taxonomy":"post_tag","embeddable":true,"href":"https:\/\/www.redesalvatoriana.org.br\/fatima\/blog\/wp-json\/wp\/v2\/tags?post=995"}],"curies":[{"name":"wp","href":"https:\/\/api.w.org\/{rel}","templated":true}]}}