{"id":921,"date":"2018-09-05T14:00:42","date_gmt":"2018-09-05T14:00:42","guid":{"rendered":"https:\/\/www.redesalvatoriana.org.br\/fatima\/blog\/?p=921"},"modified":"2018-09-05T20:21:43","modified_gmt":"2018-09-05T20:21:43","slug":"moedinhas-de-queijo-contraturno","status":"publish","type":"post","link":"https:\/\/www.redesalvatoriana.org.br\/fatima\/blog\/2018\/09\/05\/moedinhas-de-queijo-contraturno\/","title":{"rendered":"Moedinhas de queijo &#8211; Contraturno"},"content":{"rendered":"<p>Ensinar as crian\u00e7as a lidar com dinheiro, mesmo que seja apenas ensinando no\u00e7\u00f5es b\u00e1sicas, \u00e9 o primeiro passo para que elas sejam capazes de gerir as pr\u00f3prias finan\u00e7as de modo mais sensato no futuro.<br \/>\nCom o objetivo da educa\u00e7\u00e3o financeira para as crian\u00e7as, os estudantes do Contraturno est\u00e3o desenvolvendo o Projeto Empreendedorismo, entre muitas atividades j\u00e1 desenvolvidas, uma de grande destaque foi realiza\u00e7\u00e3o da culin\u00e1ria &#8220;Moedinhas de queijo&#8221;. Ficaram deliciosas!<\/p>\n<p><img src=\"https:\/\/scontent.ffln1-1.fna.fbcdn.net\/v\/t1.0-9\/40751293_2268914563123423_7355891433028452352_o.jpg?_nc_cat=0&amp;oh=fb73a2a2ae69f6c2f8047c5b29ed75a0&amp;oe=5C3520E8\" alt=\"A imagem pode conter: 2 pessoas, pessoas sorrindo, pessoas sentadas e pessoas comendo\" \/><\/p>\n<p><img src=\"https:\/\/scontent.ffln1-1.fna.fbcdn.net\/v\/t1.0-9\/40920978_2268914586456754_330342818251800576_n.jpg?_nc_cat=0&amp;oh=8ae2c84c8b4dd6fa38b645bd40a28f09&amp;oe=5BF45E6D\" alt=\"A imagem pode conter: uma ou mais pessoas, pessoas sentadas, crian\u00c3\u00a7a e mesa\" \/><\/p>\n<p><img src=\"https:\/\/scontent.ffln1-1.fna.fbcdn.net\/v\/t1.0-9\/40969518_2268914676456745_3851793530808696832_o.jpg?_nc_cat=0&amp;oh=9d10c48b61b0d8d99a2809893e63a7d5&amp;oe=5C3B2EA1\" alt=\"A imagem pode conter: uma ou mais pessoas e comida\" \/><\/p>\n<p><img src=\"https:\/\/scontent.ffln1-1.fna.fbcdn.net\/v\/t1.0-9\/41111513_2268914356456777_1651606824450785280_n.jpg?_nc_cat=0&amp;oh=eb45b42a6e0133ec0623bb573830c8a3&amp;oe=5C2BA2F1\" alt=\"A imagem pode conter: 8 pessoas, pessoas sorrindo, pessoas sentadas e pessoas comendo\" \/>00<\/p>\n","protected":false},"excerpt":{"rendered":"<p>Ensinar as crian\u00e7as a lidar com dinheiro, mesmo que seja apenas ensinando no\u00e7\u00f5es b\u00e1sicas, \u00e9 o primeiro passo para que elas sejam capazes de gerir as pr\u00f3prias finan\u00e7as de modo mais sensato no futuro. Com o objetivo da educa\u00e7\u00e3o financeira para as crian\u00e7as, os estudantes do Contraturno est\u00e3o desenvolvendo o Projeto Empreendedorismo, entre muitas atividades [&hellip;]<\/p>\n","protected":false},"author":2,"featured_media":922,"comment_status":"open","ping_status":"open","sticky":false,"template":"","format":"standard","meta":[],"categories":[3],"tags":[],"_links":{"self":[{"href":"https:\/\/www.redesalvatoriana.org.br\/fatima\/blog\/wp-json\/wp\/v2\/posts\/921"}],"collection":[{"href":"https:\/\/www.redesalvatoriana.org.br\/fatima\/blog\/wp-json\/wp\/v2\/posts"}],"about":[{"href":"https:\/\/www.redesalvatoriana.org.br\/fatima\/blog\/wp-json\/wp\/v2\/types\/post"}],"author":[{"embeddable":true,"href":"https:\/\/www.redesalvatoriana.org.br\/fatima\/blog\/wp-json\/wp\/v2\/users\/2"}],"replies":[{"embeddable":true,"href":"https:\/\/www.redesalvatoriana.org.br\/fatima\/blog\/wp-json\/wp\/v2\/comments?post=921"}],"version-history":[{"count":2,"href":"https:\/\/www.redesalvatoriana.org.br\/fatima\/blog\/wp-json\/wp\/v2\/posts\/921\/revisions"}],"predecessor-version":[{"id":924,"href":"https:\/\/www.redesalvatoriana.org.br\/fatima\/blog\/wp-json\/wp\/v2\/posts\/921\/revisions\/924"}],"wp:featuredmedia":[{"embeddable":true,"href":"https:\/\/www.redesalvatoriana.org.br\/fatima\/blog\/wp-json\/wp\/v2\/media\/922"}],"wp:attachment":[{"href":"https:\/\/www.redesalvatoriana.org.br\/fatima\/blog\/wp-json\/wp\/v2\/media?parent=921"}],"wp:term":[{"taxonomy":"category","embeddable":true,"href":"https:\/\/www.redesalvatoriana.org.br\/fatima\/blog\/wp-json\/wp\/v2\/categories?post=921"},{"taxonomy":"post_tag","embeddable":true,"href":"https:\/\/www.redesalvatoriana.org.br\/fatima\/blog\/wp-json\/wp\/v2\/tags?post=921"}],"curies":[{"name":"wp","href":"https:\/\/api.w.org\/{rel}","templated":true}]}}