{"id":872,"date":"2018-08-24T15:31:02","date_gmt":"2018-08-24T15:31:02","guid":{"rendered":"https:\/\/www.redesalvatoriana.org.br\/fatima\/blog\/?p=872"},"modified":"2018-08-24T18:59:49","modified_gmt":"2018-08-24T18:59:49","slug":"estudantes-do-contraturno-presenteiam-as-irmas-salvatorianas-com-um-bolo","status":"publish","type":"post","link":"https:\/\/www.redesalvatoriana.org.br\/fatima\/blog\/2018\/08\/24\/estudantes-do-contraturno-presenteiam-as-irmas-salvatorianas-com-um-bolo\/","title":{"rendered":"Estudantes do Contraturno presenteiam as Irm\u00e3s Salvatorianas com um bolo"},"content":{"rendered":"<p>Nesta terceira semana do m\u00eas de agosto, M\u00eas Vocacional, que \u00e9 dedicada \u00e0 Vida Consagrada, os estudantes do Contraturno presentearam as Irm\u00e3s Salvatorianas com um delicioso bolo, preparado com muito amor e carinho, para agradecer e parabenizar as irm\u00e3s por dedicarem suas vidas nesta miss\u00e3o de tornar Jesus Salvador conhecido e amado por todos.<\/p>\n<p>Nossa prece pelas queridas Irm\u00e3s Neuza, Ivani, Lidiane e Cleni que trabalham em nosso Col\u00e9gio e por todas as Irm\u00e3s do Divino Salvador &#8211; Salvatorianas.<\/p>\n<p><img src=\"https:\/\/scontent.fcwb2-2.fna.fbcdn.net\/v\/t1.0-9\/39973401_2252419948106218_3330432381369712640_n.jpg?_nc_cat=0&amp;oh=edd186a3f3058ecf5bcf364a4c83c6f1&amp;oe=5BF2094E\" alt=\"A imagem pode conter: 2 pessoas, pessoas sentadas, pessoas em p\u00c3\u00a9 e \u00c3\u00a1rea interna\" \/><\/p>\n<p>&nbsp;<\/p>\n<p><img src=\"https:\/\/scontent.fcwb2-2.fna.fbcdn.net\/v\/t1.0-9\/39982294_2252419924772887_6333268803706683392_n.jpg?_nc_cat=0&amp;oh=eb44eb8123c03785ac481affbd4556d6&amp;oe=5BF02426\" alt=\"A imagem pode conter: uma ou mais pessoas e pessoas sentadas\" \/><\/p>\n<p><img src=\"https:\/\/scontent.fcwb2-2.fna.fbcdn.net\/v\/t1.0-9\/40020791_2252419831439563_1393133192906539008_n.jpg?_nc_cat=0&amp;oh=71d3c847bbdea536d1465528762c3cc4&amp;oe=5BF06260\" alt=\"A imagem pode conter: 2 pessoas, pessoas sorrindo, \u00c3\u00a1rea interna\" \/><\/p>\n","protected":false},"excerpt":{"rendered":"<p>Nesta terceira semana do m\u00eas de agosto, M\u00eas Vocacional, que \u00e9 dedicada \u00e0 Vida Consagrada, os estudantes do Contraturno presentearam as Irm\u00e3s Salvatorianas com um delicioso bolo, preparado com muito amor e carinho, para agradecer e parabenizar as irm\u00e3s por dedicarem suas vidas nesta miss\u00e3o de tornar Jesus Salvador conhecido e amado por todos. Nossa [&hellip;]<\/p>\n","protected":false},"author":2,"featured_media":873,"comment_status":"open","ping_status":"open","sticky":false,"template":"","format":"standard","meta":[],"categories":[3],"tags":[],"_links":{"self":[{"href":"https:\/\/www.redesalvatoriana.org.br\/fatima\/blog\/wp-json\/wp\/v2\/posts\/872"}],"collection":[{"href":"https:\/\/www.redesalvatoriana.org.br\/fatima\/blog\/wp-json\/wp\/v2\/posts"}],"about":[{"href":"https:\/\/www.redesalvatoriana.org.br\/fatima\/blog\/wp-json\/wp\/v2\/types\/post"}],"author":[{"embeddable":true,"href":"https:\/\/www.redesalvatoriana.org.br\/fatima\/blog\/wp-json\/wp\/v2\/users\/2"}],"replies":[{"embeddable":true,"href":"https:\/\/www.redesalvatoriana.org.br\/fatima\/blog\/wp-json\/wp\/v2\/comments?post=872"}],"version-history":[{"count":1,"href":"https:\/\/www.redesalvatoriana.org.br\/fatima\/blog\/wp-json\/wp\/v2\/posts\/872\/revisions"}],"predecessor-version":[{"id":874,"href":"https:\/\/www.redesalvatoriana.org.br\/fatima\/blog\/wp-json\/wp\/v2\/posts\/872\/revisions\/874"}],"wp:featuredmedia":[{"embeddable":true,"href":"https:\/\/www.redesalvatoriana.org.br\/fatima\/blog\/wp-json\/wp\/v2\/media\/873"}],"wp:attachment":[{"href":"https:\/\/www.redesalvatoriana.org.br\/fatima\/blog\/wp-json\/wp\/v2\/media?parent=872"}],"wp:term":[{"taxonomy":"category","embeddable":true,"href":"https:\/\/www.redesalvatoriana.org.br\/fatima\/blog\/wp-json\/wp\/v2\/categories?post=872"},{"taxonomy":"post_tag","embeddable":true,"href":"https:\/\/www.redesalvatoriana.org.br\/fatima\/blog\/wp-json\/wp\/v2\/tags?post=872"}],"curies":[{"name":"wp","href":"https:\/\/api.w.org\/{rel}","templated":true}]}}