{"id":657,"date":"2018-06-13T16:59:13","date_gmt":"2018-06-13T16:59:13","guid":{"rendered":"https:\/\/www.redesalvatoriana.org.br\/fatima\/blog\/?p=657"},"modified":"2018-06-13T16:59:13","modified_gmt":"2018-06-13T16:59:13","slug":"estudantes-do-contraturno-confeccionam-instrumento-musical","status":"publish","type":"post","link":"https:\/\/www.redesalvatoriana.org.br\/fatima\/blog\/2018\/06\/13\/estudantes-do-contraturno-confeccionam-instrumento-musical\/","title":{"rendered":"Estudantes do Contraturno confeccionam instrumento musical"},"content":{"rendered":"<p>Mais do que tocar, os estudantes do Contraturno tiveram a oportunidade de confeccionar instrumento musical. A atividade realizada na aula de m\u00fasica, com o professor Charles Kremer, teve como objetivo conhecer os diversos instrumentos e seus timbres e confeccionar um instrumento chamado guizo.<\/p>\n<p>Para as crian\u00e7as, a experi\u00eancia foi bem divertida e possibilitou que os estudantes em grupo confeccionassem seu pr\u00f3prio guizo, utilizando materiais recicl\u00e1veis: tampinha de garrafa pet e barbante.<\/p>\n<p>Por fim, os estudantes tocaram com os colegas o instrumento produzido por eles mesmos.<\/p>\n<p>&nbsp;<\/p>\n<p><img src=\"https:\/\/scontent.fbnu4-1.fna.fbcdn.net\/v\/t1.0-9\/35343374_2119248021423412_8743080210808700928_n.jpg?_nc_cat=0&amp;oh=f356a9106f2ba857decee58438902646&amp;oe=5BB6469B\" alt=\"A imagem pode conter: 4 pessoas, pessoas sentadas\" \/><\/p>\n<p>&nbsp;<\/p>\n<p><img src=\"https:\/\/scontent.fbnu4-1.fna.fbcdn.net\/v\/t1.0-9\/35186118_2119248078090073_7435206791652179968_o.jpg?_nc_cat=0&amp;oh=aeac9bd10a7e7e148a7c27f1f7fe9600&amp;oe=5BA5986B\" alt=\"A imagem pode conter: 2 pessoas, pessoas sorrindo, pessoas sentadas\" \/><\/p>\n<p>&nbsp;<\/p>\n<p><img src=\"https:\/\/scontent.fbnu4-1.fna.fbcdn.net\/v\/t1.0-9\/35201901_2119247891423425_8616508336344399872_o.jpg?_nc_cat=0&amp;oh=3b648f6cb97f1fbe6647d37e2269d7a0&amp;oe=5BB13A4D\" alt=\"A imagem pode conter: 2 pessoas, pessoas sentadas\" \/><\/p>\n<p>&nbsp;<\/p>\n<p>Confira o \u00e1lbum de fotos em:\u00a0<a href=\"https:\/\/goo.gl\/6dq7Dy\">https:\/\/goo.gl\/6dq7Dy<\/a><\/p>\n","protected":false},"excerpt":{"rendered":"<p>Mais do que tocar, os estudantes do Contraturno tiveram a oportunidade de confeccionar instrumento musical. A atividade realizada na aula de m\u00fasica, com o professor Charles Kremer, teve como objetivo conhecer os diversos instrumentos e seus timbres e confeccionar um instrumento chamado guizo. Para as crian\u00e7as, a experi\u00eancia foi bem divertida e possibilitou que os [&hellip;]<\/p>\n","protected":false},"author":2,"featured_media":658,"comment_status":"open","ping_status":"open","sticky":false,"template":"","format":"standard","meta":[],"categories":[3],"tags":[],"_links":{"self":[{"href":"https:\/\/www.redesalvatoriana.org.br\/fatima\/blog\/wp-json\/wp\/v2\/posts\/657"}],"collection":[{"href":"https:\/\/www.redesalvatoriana.org.br\/fatima\/blog\/wp-json\/wp\/v2\/posts"}],"about":[{"href":"https:\/\/www.redesalvatoriana.org.br\/fatima\/blog\/wp-json\/wp\/v2\/types\/post"}],"author":[{"embeddable":true,"href":"https:\/\/www.redesalvatoriana.org.br\/fatima\/blog\/wp-json\/wp\/v2\/users\/2"}],"replies":[{"embeddable":true,"href":"https:\/\/www.redesalvatoriana.org.br\/fatima\/blog\/wp-json\/wp\/v2\/comments?post=657"}],"version-history":[{"count":1,"href":"https:\/\/www.redesalvatoriana.org.br\/fatima\/blog\/wp-json\/wp\/v2\/posts\/657\/revisions"}],"predecessor-version":[{"id":659,"href":"https:\/\/www.redesalvatoriana.org.br\/fatima\/blog\/wp-json\/wp\/v2\/posts\/657\/revisions\/659"}],"wp:featuredmedia":[{"embeddable":true,"href":"https:\/\/www.redesalvatoriana.org.br\/fatima\/blog\/wp-json\/wp\/v2\/media\/658"}],"wp:attachment":[{"href":"https:\/\/www.redesalvatoriana.org.br\/fatima\/blog\/wp-json\/wp\/v2\/media?parent=657"}],"wp:term":[{"taxonomy":"category","embeddable":true,"href":"https:\/\/www.redesalvatoriana.org.br\/fatima\/blog\/wp-json\/wp\/v2\/categories?post=657"},{"taxonomy":"post_tag","embeddable":true,"href":"https:\/\/www.redesalvatoriana.org.br\/fatima\/blog\/wp-json\/wp\/v2\/tags?post=657"}],"curies":[{"name":"wp","href":"https:\/\/api.w.org\/{rel}","templated":true}]}}