{"id":3599,"date":"2024-05-10T18:13:38","date_gmt":"2024-05-10T21:13:38","guid":{"rendered":"https:\/\/www.redesalvatoriana.org.br\/fatima\/blog\/?p=3599"},"modified":"2024-05-10T18:13:38","modified_gmt":"2024-05-10T21:13:38","slug":"homenagem-as-maes","status":"publish","type":"post","link":"https:\/\/www.redesalvatoriana.org.br\/fatima\/blog\/2024\/05\/10\/homenagem-as-maes\/","title":{"rendered":"Homenagem \u00e0s M\u00e3es"},"content":{"rendered":"<p>Nesta semana t\u00e3o especial, os estudantes da Educa\u00e7\u00e3o Infantil tiveram momentos muito importantes e significativos com suas mam\u00e3es! \u2764<\/p>\n<p>Todas as turmas puderam participar do Brincando com a Mam\u00e3e, que contou com uma s\u00e9rie de atividades e brincadeiras em homenagem \u00e0s M\u00e3es. \ud83e\udd70<\/p>\n<p>Confira alguns desses momentos!<\/p>\n<p><iframe loading=\"lazy\" src=\"https:\/\/www.facebook.com\/plugins\/post.php?href=https%3A%2F%2Fwww.facebook.com%2Fcsnsfatima%2Fposts%2F978569014276651&#038;show_text=true&#038;width=500&#038;is_preview=true\" width=\"500\" height=\"250\" style=\"border:none;overflow:hidden\" scrolling=\"no\" frameborder=\"0\" allowfullscreen=\"true\" allow=\"autoplay; clipboard-write; encrypted-media; picture-in-picture; web-share\"><\/iframe><\/p>\n","protected":false},"excerpt":{"rendered":"<p>Nesta semana t\u00e3o especial, os estudantes da Educa\u00e7\u00e3o Infantil tiveram momentos muito importantes e significativos com suas mam\u00e3es! \u2764 Todas as turmas puderam participar do Brincando com a Mam\u00e3e, que contou com uma s\u00e9rie de atividades e brincadeiras em homenagem \u00e0s M\u00e3es. \ud83e\udd70 Confira alguns desses momentos!<\/p>\n","protected":false},"author":2,"featured_media":3600,"comment_status":"open","ping_status":"open","sticky":false,"template":"","format":"standard","meta":[],"categories":[4],"tags":[43],"_links":{"self":[{"href":"https:\/\/www.redesalvatoriana.org.br\/fatima\/blog\/wp-json\/wp\/v2\/posts\/3599"}],"collection":[{"href":"https:\/\/www.redesalvatoriana.org.br\/fatima\/blog\/wp-json\/wp\/v2\/posts"}],"about":[{"href":"https:\/\/www.redesalvatoriana.org.br\/fatima\/blog\/wp-json\/wp\/v2\/types\/post"}],"author":[{"embeddable":true,"href":"https:\/\/www.redesalvatoriana.org.br\/fatima\/blog\/wp-json\/wp\/v2\/users\/2"}],"replies":[{"embeddable":true,"href":"https:\/\/www.redesalvatoriana.org.br\/fatima\/blog\/wp-json\/wp\/v2\/comments?post=3599"}],"version-history":[{"count":1,"href":"https:\/\/www.redesalvatoriana.org.br\/fatima\/blog\/wp-json\/wp\/v2\/posts\/3599\/revisions"}],"predecessor-version":[{"id":3601,"href":"https:\/\/www.redesalvatoriana.org.br\/fatima\/blog\/wp-json\/wp\/v2\/posts\/3599\/revisions\/3601"}],"wp:featuredmedia":[{"embeddable":true,"href":"https:\/\/www.redesalvatoriana.org.br\/fatima\/blog\/wp-json\/wp\/v2\/media\/3600"}],"wp:attachment":[{"href":"https:\/\/www.redesalvatoriana.org.br\/fatima\/blog\/wp-json\/wp\/v2\/media?parent=3599"}],"wp:term":[{"taxonomy":"category","embeddable":true,"href":"https:\/\/www.redesalvatoriana.org.br\/fatima\/blog\/wp-json\/wp\/v2\/categories?post=3599"},{"taxonomy":"post_tag","embeddable":true,"href":"https:\/\/www.redesalvatoriana.org.br\/fatima\/blog\/wp-json\/wp\/v2\/tags?post=3599"}],"curies":[{"name":"wp","href":"https:\/\/api.w.org\/{rel}","templated":true}]}}