{"id":3580,"date":"2024-04-18T17:41:14","date_gmt":"2024-04-18T20:41:14","guid":{"rendered":"https:\/\/www.redesalvatoriana.org.br\/fatima\/blog\/?p=3580"},"modified":"2024-04-18T17:41:14","modified_gmt":"2024-04-18T20:41:14","slug":"momento-de-oracao-no-patio","status":"publish","type":"post","link":"https:\/\/www.redesalvatoriana.org.br\/fatima\/blog\/2024\/04\/18\/momento-de-oracao-no-patio\/","title":{"rendered":"Momento de Ora\u00e7\u00e3o no P\u00e1tio"},"content":{"rendered":"<p>&#8220;Um ano dedicado a redescobrir o grande valor e a necessidade absoluta da ora\u00e7\u00e3o na vida pessoal, na vida da Igreja e no mundo&#8221;.<\/p>\n<p>Estas foram as palavras do Papa Francisco no \u00faltimo dia 21 de janeiro ao declarar o ano de 2024 como &#8220;Ano da Ora\u00e7\u00e3o&#8221; em prepara\u00e7\u00e3o ao Jubileu dos 2025 anos do nascimento de Jesus, a ser comemorado no pr\u00f3ximo ano.<\/p>\n<p>Todos os estudantes e educadores de nosso Col\u00e9gio puderam refletir sobre esta tem\u00e1tica ao participarem dos momentos de ora\u00e7\u00e3o no p\u00e1tio que aconteceram no dia de hoje, 18 de abril.<\/p>\n<p><iframe loading=\"lazy\" src=\"https:\/\/www.facebook.com\/plugins\/post.php?href=https%3A%2F%2Fwww.facebook.com%2Fcsnsfatima%2Fposts%2F962178035915749&#038;show_text=true&#038;width=500\" width=\"500\" height=\"812\" style=\"border:none;overflow:hidden\" scrolling=\"no\" frameborder=\"0\" allowfullscreen=\"true\" allow=\"autoplay; clipboard-write; encrypted-media; picture-in-picture; web-share\"><\/iframe><\/p>\n","protected":false},"excerpt":{"rendered":"<p>&#8220;Um ano dedicado a redescobrir o grande valor e a necessidade absoluta da ora\u00e7\u00e3o na vida pessoal, na vida da Igreja e no mundo&#8221;. Estas foram as palavras do Papa Francisco no \u00faltimo dia 21 de janeiro ao declarar o ano de 2024 como &#8220;Ano da Ora\u00e7\u00e3o&#8221; em prepara\u00e7\u00e3o ao Jubileu dos 2025 anos do [&hellip;]<\/p>\n","protected":false},"author":2,"featured_media":3581,"comment_status":"open","ping_status":"open","sticky":false,"template":"","format":"standard","meta":[],"categories":[6],"tags":[43],"_links":{"self":[{"href":"https:\/\/www.redesalvatoriana.org.br\/fatima\/blog\/wp-json\/wp\/v2\/posts\/3580"}],"collection":[{"href":"https:\/\/www.redesalvatoriana.org.br\/fatima\/blog\/wp-json\/wp\/v2\/posts"}],"about":[{"href":"https:\/\/www.redesalvatoriana.org.br\/fatima\/blog\/wp-json\/wp\/v2\/types\/post"}],"author":[{"embeddable":true,"href":"https:\/\/www.redesalvatoriana.org.br\/fatima\/blog\/wp-json\/wp\/v2\/users\/2"}],"replies":[{"embeddable":true,"href":"https:\/\/www.redesalvatoriana.org.br\/fatima\/blog\/wp-json\/wp\/v2\/comments?post=3580"}],"version-history":[{"count":1,"href":"https:\/\/www.redesalvatoriana.org.br\/fatima\/blog\/wp-json\/wp\/v2\/posts\/3580\/revisions"}],"predecessor-version":[{"id":3582,"href":"https:\/\/www.redesalvatoriana.org.br\/fatima\/blog\/wp-json\/wp\/v2\/posts\/3580\/revisions\/3582"}],"wp:featuredmedia":[{"embeddable":true,"href":"https:\/\/www.redesalvatoriana.org.br\/fatima\/blog\/wp-json\/wp\/v2\/media\/3581"}],"wp:attachment":[{"href":"https:\/\/www.redesalvatoriana.org.br\/fatima\/blog\/wp-json\/wp\/v2\/media?parent=3580"}],"wp:term":[{"taxonomy":"category","embeddable":true,"href":"https:\/\/www.redesalvatoriana.org.br\/fatima\/blog\/wp-json\/wp\/v2\/categories?post=3580"},{"taxonomy":"post_tag","embeddable":true,"href":"https:\/\/www.redesalvatoriana.org.br\/fatima\/blog\/wp-json\/wp\/v2\/tags?post=3580"}],"curies":[{"name":"wp","href":"https:\/\/api.w.org\/{rel}","templated":true}]}}