{"id":3576,"date":"2024-04-09T16:12:24","date_gmt":"2024-04-09T19:12:24","guid":{"rendered":"https:\/\/www.redesalvatoriana.org.br\/fatima\/blog\/?p=3576"},"modified":"2024-04-09T16:12:24","modified_gmt":"2024-04-09T19:12:24","slug":"representantes-de-turma","status":"publish","type":"post","link":"https:\/\/www.redesalvatoriana.org.br\/fatima\/blog\/2024\/04\/09\/representantes-de-turma\/","title":{"rendered":"Representantes de Turma"},"content":{"rendered":"<p>Na manh\u00e3 de hoje, 04 de abril, tivemos a reuni\u00e3o dos representantes de turmas do 6\u00ba ano ao Terceir\u00e3o. <\/p>\n<p>Eles foram acolhidos pela Dire\u00e7\u00e3o, Pastoral da Escuta e Orienta\u00e7\u00e3o Educacional e, ao t\u00e9rmino, receberam os diplomas por desempenharem essa fun\u00e7\u00e3o de lideran\u00e7a em suas turmas.<\/p>\n<p>Um dos elementos do Carisma Salvatoriano \u00e9 a Forma\u00e7\u00e3o de Lideran\u00e7as. Nesse sentido, esse projeto permite que os estudantes desenvolvam e compartilhem esse importante valor.<\/p>\n<p><iframe loading=\"lazy\" src=\"https:\/\/www.facebook.com\/plugins\/post.php?href=https%3A%2F%2Fwww.facebook.com%2Fcsnsfatima%2Fposts%2F955678223232397&#038;show_text=true&#038;width=500\" width=\"500\" height=\"793\" style=\"border:none;overflow:hidden\" scrolling=\"no\" frameborder=\"0\" allowfullscreen=\"true\" allow=\"autoplay; clipboard-write; encrypted-media; picture-in-picture; web-share\"><\/iframe><\/p>\n","protected":false},"excerpt":{"rendered":"<p>Na manh\u00e3 de hoje, 04 de abril, tivemos a reuni\u00e3o dos representantes de turmas do 6\u00ba ano ao Terceir\u00e3o. Eles foram acolhidos pela Dire\u00e7\u00e3o, Pastoral da Escuta e Orienta\u00e7\u00e3o Educacional e, ao t\u00e9rmino, receberam os diplomas por desempenharem essa fun\u00e7\u00e3o de lideran\u00e7a em suas turmas. Um dos elementos do Carisma Salvatoriano \u00e9 a Forma\u00e7\u00e3o de [&hellip;]<\/p>\n","protected":false},"author":2,"featured_media":3577,"comment_status":"open","ping_status":"open","sticky":false,"template":"","format":"standard","meta":[],"categories":[6],"tags":[43],"_links":{"self":[{"href":"https:\/\/www.redesalvatoriana.org.br\/fatima\/blog\/wp-json\/wp\/v2\/posts\/3576"}],"collection":[{"href":"https:\/\/www.redesalvatoriana.org.br\/fatima\/blog\/wp-json\/wp\/v2\/posts"}],"about":[{"href":"https:\/\/www.redesalvatoriana.org.br\/fatima\/blog\/wp-json\/wp\/v2\/types\/post"}],"author":[{"embeddable":true,"href":"https:\/\/www.redesalvatoriana.org.br\/fatima\/blog\/wp-json\/wp\/v2\/users\/2"}],"replies":[{"embeddable":true,"href":"https:\/\/www.redesalvatoriana.org.br\/fatima\/blog\/wp-json\/wp\/v2\/comments?post=3576"}],"version-history":[{"count":1,"href":"https:\/\/www.redesalvatoriana.org.br\/fatima\/blog\/wp-json\/wp\/v2\/posts\/3576\/revisions"}],"predecessor-version":[{"id":3578,"href":"https:\/\/www.redesalvatoriana.org.br\/fatima\/blog\/wp-json\/wp\/v2\/posts\/3576\/revisions\/3578"}],"wp:featuredmedia":[{"embeddable":true,"href":"https:\/\/www.redesalvatoriana.org.br\/fatima\/blog\/wp-json\/wp\/v2\/media\/3577"}],"wp:attachment":[{"href":"https:\/\/www.redesalvatoriana.org.br\/fatima\/blog\/wp-json\/wp\/v2\/media?parent=3576"}],"wp:term":[{"taxonomy":"category","embeddable":true,"href":"https:\/\/www.redesalvatoriana.org.br\/fatima\/blog\/wp-json\/wp\/v2\/categories?post=3576"},{"taxonomy":"post_tag","embeddable":true,"href":"https:\/\/www.redesalvatoriana.org.br\/fatima\/blog\/wp-json\/wp\/v2\/tags?post=3576"}],"curies":[{"name":"wp","href":"https:\/\/api.w.org\/{rel}","templated":true}]}}