{"id":2827,"date":"2022-05-16T17:24:12","date_gmt":"2022-05-16T20:24:12","guid":{"rendered":"https:\/\/www.redesalvatoriana.org.br\/fatima\/blog\/?p=2827"},"modified":"2022-05-16T17:24:12","modified_gmt":"2022-05-16T20:24:12","slug":"circo-no-contraturno","status":"publish","type":"post","link":"https:\/\/www.redesalvatoriana.org.br\/fatima\/blog\/2022\/05\/16\/circo-no-contraturno\/","title":{"rendered":"Circo no Contraturno"},"content":{"rendered":"<p>Respeit\u00e1vel p\u00fablico, venha conferir como foi especial o nosso Circo no Contraturno!<\/p>\n<p>Na manh\u00e3 do \u00faltimo s\u00e1bado, 14 de maio, os estudantes do Contraturno e seus familiares puderam experienciar uma divertida apresenta\u00e7\u00e3o circense. Comandado pelo Palha\u00e7o Leleco, o p\u00fablico assistiu \u00e0 malabares, m\u00e1gicas e acrobacias.<\/p>\n<p>Ap\u00f3s a apresenta\u00e7\u00e3o, os convidados participaram de oficinas circenses e brincadeiras.<\/p>\n<p>Gratid\u00e3o a todos que participaram e se fizeram presentes!<\/p>\n<p><iframe loading=\"lazy\" src=\"https:\/\/www.facebook.com\/plugins\/post.php?href=https%3A%2F%2Fwww.facebook.com%2Fcsnsfatima%2Fposts%2F5737850796229765&#038;show_text=true&#038;width=500\" width=\"500\" height=\"793\" style=\"border:none;overflow:hidden\" scrolling=\"no\" frameborder=\"0\" allowfullscreen=\"true\" allow=\"autoplay; clipboard-write; encrypted-media; picture-in-picture; web-share\"><\/iframe><\/p>\n","protected":false},"excerpt":{"rendered":"<p>Respeit\u00e1vel p\u00fablico, venha conferir como foi especial o nosso Circo no Contraturno! Na manh\u00e3 do \u00faltimo s\u00e1bado, 14 de maio, os estudantes do Contraturno e seus familiares puderam experienciar uma divertida apresenta\u00e7\u00e3o circense. Comandado pelo Palha\u00e7o Leleco, o p\u00fablico assistiu \u00e0 malabares, m\u00e1gicas e acrobacias. Ap\u00f3s a apresenta\u00e7\u00e3o, os convidados participaram de oficinas circenses e [&hellip;]<\/p>\n","protected":false},"author":2,"featured_media":2828,"comment_status":"open","ping_status":"open","sticky":false,"template":"","format":"standard","meta":[],"categories":[3],"tags":[43],"_links":{"self":[{"href":"https:\/\/www.redesalvatoriana.org.br\/fatima\/blog\/wp-json\/wp\/v2\/posts\/2827"}],"collection":[{"href":"https:\/\/www.redesalvatoriana.org.br\/fatima\/blog\/wp-json\/wp\/v2\/posts"}],"about":[{"href":"https:\/\/www.redesalvatoriana.org.br\/fatima\/blog\/wp-json\/wp\/v2\/types\/post"}],"author":[{"embeddable":true,"href":"https:\/\/www.redesalvatoriana.org.br\/fatima\/blog\/wp-json\/wp\/v2\/users\/2"}],"replies":[{"embeddable":true,"href":"https:\/\/www.redesalvatoriana.org.br\/fatima\/blog\/wp-json\/wp\/v2\/comments?post=2827"}],"version-history":[{"count":1,"href":"https:\/\/www.redesalvatoriana.org.br\/fatima\/blog\/wp-json\/wp\/v2\/posts\/2827\/revisions"}],"predecessor-version":[{"id":2829,"href":"https:\/\/www.redesalvatoriana.org.br\/fatima\/blog\/wp-json\/wp\/v2\/posts\/2827\/revisions\/2829"}],"wp:featuredmedia":[{"embeddable":true,"href":"https:\/\/www.redesalvatoriana.org.br\/fatima\/blog\/wp-json\/wp\/v2\/media\/2828"}],"wp:attachment":[{"href":"https:\/\/www.redesalvatoriana.org.br\/fatima\/blog\/wp-json\/wp\/v2\/media?parent=2827"}],"wp:term":[{"taxonomy":"category","embeddable":true,"href":"https:\/\/www.redesalvatoriana.org.br\/fatima\/blog\/wp-json\/wp\/v2\/categories?post=2827"},{"taxonomy":"post_tag","embeddable":true,"href":"https:\/\/www.redesalvatoriana.org.br\/fatima\/blog\/wp-json\/wp\/v2\/tags?post=2827"}],"curies":[{"name":"wp","href":"https:\/\/api.w.org\/{rel}","templated":true}]}}