{"id":2544,"date":"2021-10-19T15:51:22","date_gmt":"2021-10-19T18:51:22","guid":{"rendered":"https:\/\/www.redesalvatoriana.org.br\/fatima\/blog\/?p=2544"},"modified":"2021-10-19T15:51:22","modified_gmt":"2021-10-19T18:51:22","slug":"palestra-sobre-imigrantes-contraturno","status":"publish","type":"post","link":"https:\/\/www.redesalvatoriana.org.br\/fatima\/blog\/2021\/10\/19\/palestra-sobre-imigrantes-contraturno\/","title":{"rendered":"Palestra sobre imigrantes &#8211; Contraturno"},"content":{"rendered":"<p>Nestes \u00faltimos dias, os estudantes do Contraturno e algumas turmas do Ensino Fundamental II trabalharam um tema especial que envolve os estudos sobre outros povos e outras culturas. Aprenderam sobre os migrantes, refugiados e sobre como podemos acolh\u00ea-los em nosso pa\u00eds e ajud\u00e1-los a come\u00e7ar uma nova vida.<\/p>\n<p>E para vivenciar tudo isso, recebemos a visita de quatro crian\u00e7as venezuelanas e o  Padre Marcos, que mant\u00e9m uma casa de acolhimento aos refugiados e migrantes aqui no bairro Estreito, para falar um pouco sobre esta dif\u00edcil realidade.<\/p>\n<p>Com muito carinho, os mediados se envolveram, fazendo perguntas e trocando experi\u00eancias sobre suas fam\u00edlias, culturas e seus desejos para o futuro. Foi um momento de muito aprendizado e torcida para que consigam conquistar seus objetivos e que vivam felizes aqui ou no retorno, quando poss\u00edvel, para suas cidades na Venezuela. <\/p>\n","protected":false},"excerpt":{"rendered":"<p>Nestes \u00faltimos dias, os estudantes do Contraturno e algumas turmas do Ensino Fundamental II trabalharam um tema especial que envolve os estudos sobre outros povos e outras culturas. Aprenderam sobre os migrantes, refugiados e sobre como podemos acolh\u00ea-los em nosso pa\u00eds e ajud\u00e1-los a come\u00e7ar uma nova vida. E para vivenciar tudo isso, recebemos a [&hellip;]<\/p>\n","protected":false},"author":2,"featured_media":2545,"comment_status":"open","ping_status":"open","sticky":false,"template":"","format":"standard","meta":[],"categories":[3],"tags":[43],"_links":{"self":[{"href":"https:\/\/www.redesalvatoriana.org.br\/fatima\/blog\/wp-json\/wp\/v2\/posts\/2544"}],"collection":[{"href":"https:\/\/www.redesalvatoriana.org.br\/fatima\/blog\/wp-json\/wp\/v2\/posts"}],"about":[{"href":"https:\/\/www.redesalvatoriana.org.br\/fatima\/blog\/wp-json\/wp\/v2\/types\/post"}],"author":[{"embeddable":true,"href":"https:\/\/www.redesalvatoriana.org.br\/fatima\/blog\/wp-json\/wp\/v2\/users\/2"}],"replies":[{"embeddable":true,"href":"https:\/\/www.redesalvatoriana.org.br\/fatima\/blog\/wp-json\/wp\/v2\/comments?post=2544"}],"version-history":[{"count":1,"href":"https:\/\/www.redesalvatoriana.org.br\/fatima\/blog\/wp-json\/wp\/v2\/posts\/2544\/revisions"}],"predecessor-version":[{"id":2546,"href":"https:\/\/www.redesalvatoriana.org.br\/fatima\/blog\/wp-json\/wp\/v2\/posts\/2544\/revisions\/2546"}],"wp:featuredmedia":[{"embeddable":true,"href":"https:\/\/www.redesalvatoriana.org.br\/fatima\/blog\/wp-json\/wp\/v2\/media\/2545"}],"wp:attachment":[{"href":"https:\/\/www.redesalvatoriana.org.br\/fatima\/blog\/wp-json\/wp\/v2\/media?parent=2544"}],"wp:term":[{"taxonomy":"category","embeddable":true,"href":"https:\/\/www.redesalvatoriana.org.br\/fatima\/blog\/wp-json\/wp\/v2\/categories?post=2544"},{"taxonomy":"post_tag","embeddable":true,"href":"https:\/\/www.redesalvatoriana.org.br\/fatima\/blog\/wp-json\/wp\/v2\/tags?post=2544"}],"curies":[{"name":"wp","href":"https:\/\/api.w.org\/{rel}","templated":true}]}}