{"id":2382,"date":"2021-07-30T18:45:54","date_gmt":"2021-07-30T21:45:54","guid":{"rendered":"https:\/\/www.redesalvatoriana.org.br\/fatima\/blog\/?p=2382"},"modified":"2021-07-30T18:45:54","modified_gmt":"2021-07-30T21:45:54","slug":"ultimo-dia-da-colonia-de-ferias","status":"publish","type":"post","link":"https:\/\/www.redesalvatoriana.org.br\/fatima\/blog\/2021\/07\/30\/ultimo-dia-da-colonia-de-ferias\/","title":{"rendered":"\u00daltimo dia da Col\u00f4nia de F\u00e9rias"},"content":{"rendered":"<div class=\"\" data-block=\"true\" data-editor=\"62bqm\" data-offset-key=\"d3cqr-0-0\">\n<div class=\"_1mf _1mj\" data-offset-key=\"d3cqr-0-0\"><span data-offset-key=\"d3cqr-0-0\">Chegamos ao \u00faltimo dia da Col\u00f4nia de F\u00e9rias com muitas brincadeiras, reprodu\u00e7\u00e3o de origamis, pinturas, encaderna\u00e7\u00e3o, entre outras atividades. <\/span><\/div>\n<\/div>\n<div class=\"\" data-block=\"true\" data-editor=\"62bqm\" data-offset-key=\"fnd3g-0-0\">\n<div class=\"_1mf _1mj\" data-offset-key=\"fnd3g-0-0\"><span data-offset-key=\"fnd3g-0-0\">\u00a0<\/span><\/div>\n<\/div>\n<div class=\"\" data-block=\"true\" data-editor=\"62bqm\" data-offset-key=\"6tsdq-0-0\">\n<div class=\"_1mf _1mj\" data-offset-key=\"6tsdq-0-0\"><span data-offset-key=\"6tsdq-0-0\">Tivemos ainda a presen\u00e7a do palha\u00e7o Chocolate trazendo o conto de Peter Pan. Foi uma tarde de muita alegria, curiosidades e encantos. <\/span><\/div>\n<\/div>\n<div class=\"\" data-block=\"true\" data-editor=\"62bqm\" data-offset-key=\"bp62u-0-0\">\n<div class=\"_1mf _1mj\" data-offset-key=\"bp62u-0-0\"><span data-offset-key=\"bp62u-0-0\">\u00a0<\/span><\/div>\n<\/div>\n<div class=\"\" data-block=\"true\" data-editor=\"62bqm\" data-offset-key=\"a4vic-0-0\">\n<div class=\"_1mf _1mj\" data-offset-key=\"a4vic-0-0\"><span data-offset-key=\"a4vic-0-0\">Gratid\u00e3o a todos que participaram desses momentos incr\u00edveis durante a Col\u00f4nia de F\u00e9rias!<\/span><\/div>\n<\/div>\n<div class=\"\" data-block=\"true\" data-editor=\"62bqm\" data-offset-key=\"d2bvh-0-0\">\n<div class=\"_1mf _1mj\" data-offset-key=\"d2bvh-0-0\"><span data-offset-key=\"d2bvh-0-0\">\u00a0<\/span><\/div>\n<\/div>\n<div class=\"\" data-block=\"true\" data-editor=\"62bqm\" data-offset-key=\"a4r3q-0-0\">\n<div class=\"_1mf _1mj\" data-offset-key=\"a4r3q-0-0\"><span data-offset-key=\"a4r3q-0-0\">At\u00e9 a pr\u00f3xima!<\/span><\/div>\n<\/div>\n<div class=\"\" data-block=\"true\" data-editor=\"62bqm\" data-offset-key=\"42ani-0-0\">\n<div class=\"_1mf _1mj\" data-offset-key=\"42ani-0-0\"><span data-offset-key=\"42ani-0-0\">\u00a0<\/span><\/div>\n<\/div>\n<div class=\"\" data-block=\"true\" data-editor=\"62bqm\" data-offset-key=\"6tpka-0-0\">\n<div class=\"_1mf _1mj\" data-offset-key=\"6tpka-0-0\"><span data-offset-key=\"6tpka-0-0\">Obs: de acordo com o nosso Plano de Conting\u00eancia, estudantes de at\u00e9 tr\u00eas anos n\u00e3o t\u00eam a obrigatoriedade do uso de m\u00e1scara.<\/span><\/div>\n<\/div>\n<div class=\"\" data-block=\"true\" data-editor=\"62bqm\" data-offset-key=\"11u7m-0-0\">\n<div class=\"_1mf _1mj\" data-offset-key=\"11u7m-0-0\"><span data-offset-key=\"11u7m-0-0\">\u00a0<\/span><\/div>\n<\/div>\n<div class=\"\" data-block=\"true\" data-editor=\"62bqm\" data-offset-key=\"11gkf-0-0\">\n<div class=\"_1mf _1mj\" data-offset-key=\"11gkf-0-0\"><iframe loading=\"lazy\" style=\"border: none; overflow: hidden;\" src=\"https:\/\/www.facebook.com\/plugins\/post.php?href=https%3A%2F%2Fwww.facebook.com%2Fcsnsfatima%2Fposts%2F4785583871456467&amp;show_text=true&amp;width=500\" width=\"500\" height=\"752\" frameborder=\"0\" scrolling=\"no\" allowfullscreen=\"allowfullscreen\"><\/iframe><\/div>\n<\/div>\n","protected":false},"excerpt":{"rendered":"<p>Chegamos ao \u00faltimo dia da Col\u00f4nia de F\u00e9rias com muitas brincadeiras, reprodu\u00e7\u00e3o de origamis, pinturas, encaderna\u00e7\u00e3o, entre outras atividades. \u00a0 Tivemos ainda a presen\u00e7a do palha\u00e7o Chocolate trazendo o conto de Peter Pan. Foi uma tarde de muita alegria, curiosidades e encantos. \u00a0 Gratid\u00e3o a todos que participaram desses momentos incr\u00edveis durante a Col\u00f4nia de [&hellip;]<\/p>\n","protected":false},"author":2,"featured_media":2383,"comment_status":"open","ping_status":"open","sticky":false,"template":"","format":"standard","meta":[],"categories":[3,6],"tags":[43],"_links":{"self":[{"href":"https:\/\/www.redesalvatoriana.org.br\/fatima\/blog\/wp-json\/wp\/v2\/posts\/2382"}],"collection":[{"href":"https:\/\/www.redesalvatoriana.org.br\/fatima\/blog\/wp-json\/wp\/v2\/posts"}],"about":[{"href":"https:\/\/www.redesalvatoriana.org.br\/fatima\/blog\/wp-json\/wp\/v2\/types\/post"}],"author":[{"embeddable":true,"href":"https:\/\/www.redesalvatoriana.org.br\/fatima\/blog\/wp-json\/wp\/v2\/users\/2"}],"replies":[{"embeddable":true,"href":"https:\/\/www.redesalvatoriana.org.br\/fatima\/blog\/wp-json\/wp\/v2\/comments?post=2382"}],"version-history":[{"count":1,"href":"https:\/\/www.redesalvatoriana.org.br\/fatima\/blog\/wp-json\/wp\/v2\/posts\/2382\/revisions"}],"predecessor-version":[{"id":2384,"href":"https:\/\/www.redesalvatoriana.org.br\/fatima\/blog\/wp-json\/wp\/v2\/posts\/2382\/revisions\/2384"}],"wp:featuredmedia":[{"embeddable":true,"href":"https:\/\/www.redesalvatoriana.org.br\/fatima\/blog\/wp-json\/wp\/v2\/media\/2383"}],"wp:attachment":[{"href":"https:\/\/www.redesalvatoriana.org.br\/fatima\/blog\/wp-json\/wp\/v2\/media?parent=2382"}],"wp:term":[{"taxonomy":"category","embeddable":true,"href":"https:\/\/www.redesalvatoriana.org.br\/fatima\/blog\/wp-json\/wp\/v2\/categories?post=2382"},{"taxonomy":"post_tag","embeddable":true,"href":"https:\/\/www.redesalvatoriana.org.br\/fatima\/blog\/wp-json\/wp\/v2\/tags?post=2382"}],"curies":[{"name":"wp","href":"https:\/\/api.w.org\/{rel}","templated":true}]}}