{"id":2374,"date":"2021-07-23T17:59:44","date_gmt":"2021-07-23T20:59:44","guid":{"rendered":"https:\/\/www.redesalvatoriana.org.br\/fatima\/blog\/?p=2374"},"modified":"2021-07-23T17:59:44","modified_gmt":"2021-07-23T20:59:44","slug":"conheca-o-projeto-contraturno","status":"publish","type":"post","link":"https:\/\/www.redesalvatoriana.org.br\/fatima\/blog\/2021\/07\/23\/conheca-o-projeto-contraturno\/","title":{"rendered":"Conhe\u00e7a o Projeto Contraturno"},"content":{"rendered":"<p>Brincadeiras, artes, culin\u00e1ria, divers\u00e3o, estudos\u2026 O Projeto Contraturno \u00e9 assim, um mundo de descobertas, rela\u00e7\u00f5es e desenvolvimento de habilidades.<\/p>\n<p>O Projeto Contraturno visa atender as necessidades das fam\u00edlias cujos filhos precisam ficar o dia todo na escola. Esse projeto conta com salas amplas, espa\u00e7os para recrea\u00e7\u00e3o e descanso, al\u00e9m da disponibilidade de uso de toda a estrutura do col\u00e9gio, tornando assim um ambiente perfeito para construir um aprendizado prazeroso no qual o conhecimento e a brincadeira s\u00e3o integrados.<\/p>\n<p>Assista ao v\u00eddeo e conhe\u00e7a um pouco sobre o Contraturno!<\/p>\n<p>Matr\u00edculas: https:\/\/bit.ly\/3rpW1z6<\/p>\n<p>&nbsp;<\/p>\n<p><iframe loading=\"lazy\" width=\"500\" height=\"281\" src=\"https:\/\/www.youtube.com\/embed\/vU0OzErbGZ4?feature=oembed\" frameborder=\"0\" allow=\"accelerometer; autoplay; clipboard-write; encrypted-media; gyroscope; picture-in-picture\" allowfullscreen><\/iframe><\/p>\n","protected":false},"excerpt":{"rendered":"<p>Brincadeiras, artes, culin\u00e1ria, divers\u00e3o, estudos\u2026 O Projeto Contraturno \u00e9 assim, um mundo de descobertas, rela\u00e7\u00f5es e desenvolvimento de habilidades. O Projeto Contraturno visa atender as necessidades das fam\u00edlias cujos filhos precisam ficar o dia todo na escola. Esse projeto conta com salas amplas, espa\u00e7os para recrea\u00e7\u00e3o e descanso, al\u00e9m da disponibilidade de uso de toda [&hellip;]<\/p>\n","protected":false},"author":2,"featured_media":2375,"comment_status":"open","ping_status":"open","sticky":false,"template":"","format":"standard","meta":[],"categories":[3],"tags":[43],"_links":{"self":[{"href":"https:\/\/www.redesalvatoriana.org.br\/fatima\/blog\/wp-json\/wp\/v2\/posts\/2374"}],"collection":[{"href":"https:\/\/www.redesalvatoriana.org.br\/fatima\/blog\/wp-json\/wp\/v2\/posts"}],"about":[{"href":"https:\/\/www.redesalvatoriana.org.br\/fatima\/blog\/wp-json\/wp\/v2\/types\/post"}],"author":[{"embeddable":true,"href":"https:\/\/www.redesalvatoriana.org.br\/fatima\/blog\/wp-json\/wp\/v2\/users\/2"}],"replies":[{"embeddable":true,"href":"https:\/\/www.redesalvatoriana.org.br\/fatima\/blog\/wp-json\/wp\/v2\/comments?post=2374"}],"version-history":[{"count":1,"href":"https:\/\/www.redesalvatoriana.org.br\/fatima\/blog\/wp-json\/wp\/v2\/posts\/2374\/revisions"}],"predecessor-version":[{"id":2377,"href":"https:\/\/www.redesalvatoriana.org.br\/fatima\/blog\/wp-json\/wp\/v2\/posts\/2374\/revisions\/2377"}],"wp:featuredmedia":[{"embeddable":true,"href":"https:\/\/www.redesalvatoriana.org.br\/fatima\/blog\/wp-json\/wp\/v2\/media\/2375"}],"wp:attachment":[{"href":"https:\/\/www.redesalvatoriana.org.br\/fatima\/blog\/wp-json\/wp\/v2\/media?parent=2374"}],"wp:term":[{"taxonomy":"category","embeddable":true,"href":"https:\/\/www.redesalvatoriana.org.br\/fatima\/blog\/wp-json\/wp\/v2\/categories?post=2374"},{"taxonomy":"post_tag","embeddable":true,"href":"https:\/\/www.redesalvatoriana.org.br\/fatima\/blog\/wp-json\/wp\/v2\/tags?post=2374"}],"curies":[{"name":"wp","href":"https:\/\/api.w.org\/{rel}","templated":true}]}}