{"id":2371,"date":"2021-07-22T18:12:59","date_gmt":"2021-07-22T21:12:59","guid":{"rendered":"https:\/\/www.redesalvatoriana.org.br\/fatima\/blog\/?p=2371"},"modified":"2021-07-22T18:12:59","modified_gmt":"2021-07-22T21:12:59","slug":"colonia-de-ferias-dia-04","status":"publish","type":"post","link":"https:\/\/www.redesalvatoriana.org.br\/fatima\/blog\/2021\/07\/22\/colonia-de-ferias-dia-04\/","title":{"rendered":"Col\u00f4nia de F\u00e9rias &#8211; Dia 04"},"content":{"rendered":"<p>Hoje foi um dia em que nossos pequenos artistas se divertiram com tintas, pinc\u00e9is, l\u00e1pis e colagens, dando vida a chap\u00e9us e pedras.<\/p>\n<p>Al\u00e9m de curtirem as brincadeiras no bosque, parque e em sala de aula, os estudantes realizaram atividades como, por exemplo, o arremesso de bolinhas de papel no Senhor e Senhora Bombona.<\/p>\n<p>Confira alguns registros e vivencie o que se passou nesse quarto dia da Col\u00f4nia de F\u00e9rias.<\/p>\n<p><iframe loading=\"lazy\" src=\"https:\/\/www.facebook.com\/plugins\/post.php?href=https%3A%2F%2Fwww.facebook.com%2Fcsnsfatima%2Fposts%2F4760439723970882&#038;show_text=true&#038;width=500\" width=\"500\" height=\"771\" style=\"border:none;overflow:hidden\" scrolling=\"no\" frameborder=\"0\" allowfullscreen=\"true\" allow=\"autoplay; clipboard-write; encrypted-media; picture-in-picture; web-share\"><\/iframe><\/p>\n","protected":false},"excerpt":{"rendered":"<p>Hoje foi um dia em que nossos pequenos artistas se divertiram com tintas, pinc\u00e9is, l\u00e1pis e colagens, dando vida a chap\u00e9us e pedras. Al\u00e9m de curtirem as brincadeiras no bosque, parque e em sala de aula, os estudantes realizaram atividades como, por exemplo, o arremesso de bolinhas de papel no Senhor e Senhora Bombona. Confira [&hellip;]<\/p>\n","protected":false},"author":2,"featured_media":2372,"comment_status":"open","ping_status":"open","sticky":false,"template":"","format":"standard","meta":[],"categories":[3],"tags":[43],"_links":{"self":[{"href":"https:\/\/www.redesalvatoriana.org.br\/fatima\/blog\/wp-json\/wp\/v2\/posts\/2371"}],"collection":[{"href":"https:\/\/www.redesalvatoriana.org.br\/fatima\/blog\/wp-json\/wp\/v2\/posts"}],"about":[{"href":"https:\/\/www.redesalvatoriana.org.br\/fatima\/blog\/wp-json\/wp\/v2\/types\/post"}],"author":[{"embeddable":true,"href":"https:\/\/www.redesalvatoriana.org.br\/fatima\/blog\/wp-json\/wp\/v2\/users\/2"}],"replies":[{"embeddable":true,"href":"https:\/\/www.redesalvatoriana.org.br\/fatima\/blog\/wp-json\/wp\/v2\/comments?post=2371"}],"version-history":[{"count":1,"href":"https:\/\/www.redesalvatoriana.org.br\/fatima\/blog\/wp-json\/wp\/v2\/posts\/2371\/revisions"}],"predecessor-version":[{"id":2373,"href":"https:\/\/www.redesalvatoriana.org.br\/fatima\/blog\/wp-json\/wp\/v2\/posts\/2371\/revisions\/2373"}],"wp:featuredmedia":[{"embeddable":true,"href":"https:\/\/www.redesalvatoriana.org.br\/fatima\/blog\/wp-json\/wp\/v2\/media\/2372"}],"wp:attachment":[{"href":"https:\/\/www.redesalvatoriana.org.br\/fatima\/blog\/wp-json\/wp\/v2\/media?parent=2371"}],"wp:term":[{"taxonomy":"category","embeddable":true,"href":"https:\/\/www.redesalvatoriana.org.br\/fatima\/blog\/wp-json\/wp\/v2\/categories?post=2371"},{"taxonomy":"post_tag","embeddable":true,"href":"https:\/\/www.redesalvatoriana.org.br\/fatima\/blog\/wp-json\/wp\/v2\/tags?post=2371"}],"curies":[{"name":"wp","href":"https:\/\/api.w.org\/{rel}","templated":true}]}}