{"id":2368,"date":"2021-07-21T18:06:36","date_gmt":"2021-07-21T21:06:36","guid":{"rendered":"https:\/\/www.redesalvatoriana.org.br\/fatima\/blog\/?p=2368"},"modified":"2021-07-21T18:06:36","modified_gmt":"2021-07-21T21:06:36","slug":"colonia-de-ferias-dia-03","status":"publish","type":"post","link":"https:\/\/www.redesalvatoriana.org.br\/fatima\/blog\/2021\/07\/21\/colonia-de-ferias-dia-03\/","title":{"rendered":"Col\u00f4nia de F\u00e9rias &#8211; Dia 03"},"content":{"rendered":"<div dir=\"auto\">Nosso terceiro dia da Col\u00f4nia de F\u00e9rias foi incr\u00edvel!<\/div>\n<div dir=\"auto\"><\/div>\n<div dir=\"auto\">Os estudantes tiveram as seguintes brincadeiras: pula corda no bosque; cria\u00e7\u00e3o de lanternas refletivas;\u00a0ca\u00e7a ao tesouro pelo p\u00e1tio; jogo imagem e a\u00e7\u00e3o; joguinhos nos tablets; siga a trilha e prenda o grampo, dentre outros.<\/div>\n<div dir=\"auto\"><\/div>\n<div dir=\"auto\">Os pequenos est\u00e3o muito felizes e entusiasmados com cada um desses momentos, pois cada dia eles s\u00e3o surpreendidos com diferentes atividades.<\/div>\n<div dir=\"auto\"><\/div>\n<div dir=\"auto\">Confira os registros do dia de hoje!<\/div>\n<div dir=\"auto\"><\/div>\n<div dir=\"auto\"><iframe loading=\"lazy\" src=\"https:\/\/www.facebook.com\/plugins\/post.php?href=https%3A%2F%2Fwww.facebook.com%2Fcsnsfatima%2Fposts%2F4757185324296322&#038;show_text=true&#038;width=500\" width=\"500\" height=\"771\" style=\"border:none;overflow:hidden\" scrolling=\"no\" frameborder=\"0\" allowfullscreen=\"true\" allow=\"autoplay; clipboard-write; encrypted-media; picture-in-picture; web-share\"><\/iframe><\/div>\n","protected":false},"excerpt":{"rendered":"<p>Nosso terceiro dia da Col\u00f4nia de F\u00e9rias foi incr\u00edvel! Os estudantes tiveram as seguintes brincadeiras: pula corda no bosque; cria\u00e7\u00e3o de lanternas refletivas;\u00a0ca\u00e7a ao tesouro pelo p\u00e1tio; jogo imagem e a\u00e7\u00e3o; joguinhos nos tablets; siga a trilha e prenda o grampo, dentre outros. Os pequenos est\u00e3o muito felizes e entusiasmados com cada um desses momentos, [&hellip;]<\/p>\n","protected":false},"author":2,"featured_media":2369,"comment_status":"open","ping_status":"open","sticky":false,"template":"","format":"standard","meta":[],"categories":[3,6],"tags":[43],"_links":{"self":[{"href":"https:\/\/www.redesalvatoriana.org.br\/fatima\/blog\/wp-json\/wp\/v2\/posts\/2368"}],"collection":[{"href":"https:\/\/www.redesalvatoriana.org.br\/fatima\/blog\/wp-json\/wp\/v2\/posts"}],"about":[{"href":"https:\/\/www.redesalvatoriana.org.br\/fatima\/blog\/wp-json\/wp\/v2\/types\/post"}],"author":[{"embeddable":true,"href":"https:\/\/www.redesalvatoriana.org.br\/fatima\/blog\/wp-json\/wp\/v2\/users\/2"}],"replies":[{"embeddable":true,"href":"https:\/\/www.redesalvatoriana.org.br\/fatima\/blog\/wp-json\/wp\/v2\/comments?post=2368"}],"version-history":[{"count":1,"href":"https:\/\/www.redesalvatoriana.org.br\/fatima\/blog\/wp-json\/wp\/v2\/posts\/2368\/revisions"}],"predecessor-version":[{"id":2370,"href":"https:\/\/www.redesalvatoriana.org.br\/fatima\/blog\/wp-json\/wp\/v2\/posts\/2368\/revisions\/2370"}],"wp:featuredmedia":[{"embeddable":true,"href":"https:\/\/www.redesalvatoriana.org.br\/fatima\/blog\/wp-json\/wp\/v2\/media\/2369"}],"wp:attachment":[{"href":"https:\/\/www.redesalvatoriana.org.br\/fatima\/blog\/wp-json\/wp\/v2\/media?parent=2368"}],"wp:term":[{"taxonomy":"category","embeddable":true,"href":"https:\/\/www.redesalvatoriana.org.br\/fatima\/blog\/wp-json\/wp\/v2\/categories?post=2368"},{"taxonomy":"post_tag","embeddable":true,"href":"https:\/\/www.redesalvatoriana.org.br\/fatima\/blog\/wp-json\/wp\/v2\/tags?post=2368"}],"curies":[{"name":"wp","href":"https:\/\/api.w.org\/{rel}","templated":true}]}}