{"id":2362,"date":"2021-07-19T18:25:29","date_gmt":"2021-07-19T21:25:29","guid":{"rendered":"https:\/\/www.redesalvatoriana.org.br\/fatima\/blog\/?p=2362"},"modified":"2021-07-19T18:25:29","modified_gmt":"2021-07-19T21:25:29","slug":"primeiro-dia-da-colonia-de-ferias","status":"publish","type":"post","link":"https:\/\/www.redesalvatoriana.org.br\/fatima\/blog\/2021\/07\/19\/primeiro-dia-da-colonia-de-ferias\/","title":{"rendered":"Primeiro dia da Col\u00f4nia de F\u00e9rias"},"content":{"rendered":"<div class=\"\" data-block=\"true\" data-editor=\"5ou7s\" data-offset-key=\"87pqd-0-0\">\n<div class=\"_1mf _1mj\" data-offset-key=\"87pqd-0-0\"><span data-offset-key=\"87pqd-0-0\">Hoje, 19 de julho, iniciamos com todo carinho nossa Col\u00f4nia de F\u00e9rias!<\/span><\/div>\n<\/div>\n<div class=\"\" data-block=\"true\" data-editor=\"5ou7s\" data-offset-key=\"fe5q7-0-0\">\n<div class=\"_1mf _1mj\" data-offset-key=\"fe5q7-0-0\"><span data-offset-key=\"fe5q7-0-0\">\u00a0<\/span><\/div>\n<\/div>\n<div class=\"\" data-block=\"true\" data-editor=\"5ou7s\" data-offset-key=\"bdnnp-0-0\">\n<div class=\"_1mf _1mj\" data-offset-key=\"bdnnp-0-0\"><span data-offset-key=\"bdnnp-0-0\">Aproveitando esse dia maravilhoso, nossas crian\u00e7as da Educa\u00e7\u00e3o Infantil e Ensino Fundamental puderam aproveitar os experimentos, atividades e brincadeiras nos espa\u00e7os do Contraturno, bosque, parque e p\u00e1tio com muita alegria e divers\u00e3o.<\/span><\/div>\n<\/div>\n<div class=\"\" data-block=\"true\" data-editor=\"5ou7s\" data-offset-key=\"e0f0r-0-0\">\n<div class=\"_1mf _1mj\" data-offset-key=\"e0f0r-0-0\"><span data-offset-key=\"e0f0r-0-0\">\u00a0<\/span><\/div>\n<\/div>\n<div class=\"\" data-block=\"true\" data-editor=\"5ou7s\" data-offset-key=\"8l85n-0-0\">\n<div class=\"_1mf _1mj\" data-offset-key=\"8l85n-0-0\"><span data-offset-key=\"8l85n-0-0\">Confira alguns registros do dia de hoje!<\/span><\/div>\n<\/div>\n<div class=\"\" data-block=\"true\" data-editor=\"5ou7s\" data-offset-key=\"3r58m-0-0\">\n<div class=\"_1mf _1mj\" data-offset-key=\"3r58m-0-0\"><span data-offset-key=\"3r58m-0-0\">\u00a0<\/span><\/div>\n<\/div>\n<div class=\"\" data-block=\"true\" data-editor=\"5ou7s\" data-offset-key=\"3urph-0-0\">\n<div class=\"_1mf _1mj\" data-offset-key=\"3urph-0-0\"><\/div>\n<\/div>\n<p><iframe loading=\"lazy\" src=\"https:\/\/www.facebook.com\/plugins\/post.php?href=https%3A%2F%2Fwww.facebook.com%2Fcsnsfatima%2Fposts%2F4751065491574972&#038;show_text=true&#038;width=500\" width=\"500\" height=\"752\" style=\"border:none;overflow:hidden\" scrolling=\"no\" frameborder=\"0\" allowfullscreen=\"true\" allow=\"autoplay; clipboard-write; encrypted-media; picture-in-picture; web-share\"><\/iframe><\/p>\n","protected":false},"excerpt":{"rendered":"<p>Hoje, 19 de julho, iniciamos com todo carinho nossa Col\u00f4nia de F\u00e9rias! \u00a0 Aproveitando esse dia maravilhoso, nossas crian\u00e7as da Educa\u00e7\u00e3o Infantil e Ensino Fundamental puderam aproveitar os experimentos, atividades e brincadeiras nos espa\u00e7os do Contraturno, bosque, parque e p\u00e1tio com muita alegria e divers\u00e3o. \u00a0 Confira alguns registros do dia de hoje! \u00a0<\/p>\n","protected":false},"author":2,"featured_media":2363,"comment_status":"open","ping_status":"open","sticky":false,"template":"","format":"standard","meta":[],"categories":[3],"tags":[43],"_links":{"self":[{"href":"https:\/\/www.redesalvatoriana.org.br\/fatima\/blog\/wp-json\/wp\/v2\/posts\/2362"}],"collection":[{"href":"https:\/\/www.redesalvatoriana.org.br\/fatima\/blog\/wp-json\/wp\/v2\/posts"}],"about":[{"href":"https:\/\/www.redesalvatoriana.org.br\/fatima\/blog\/wp-json\/wp\/v2\/types\/post"}],"author":[{"embeddable":true,"href":"https:\/\/www.redesalvatoriana.org.br\/fatima\/blog\/wp-json\/wp\/v2\/users\/2"}],"replies":[{"embeddable":true,"href":"https:\/\/www.redesalvatoriana.org.br\/fatima\/blog\/wp-json\/wp\/v2\/comments?post=2362"}],"version-history":[{"count":1,"href":"https:\/\/www.redesalvatoriana.org.br\/fatima\/blog\/wp-json\/wp\/v2\/posts\/2362\/revisions"}],"predecessor-version":[{"id":2364,"href":"https:\/\/www.redesalvatoriana.org.br\/fatima\/blog\/wp-json\/wp\/v2\/posts\/2362\/revisions\/2364"}],"wp:featuredmedia":[{"embeddable":true,"href":"https:\/\/www.redesalvatoriana.org.br\/fatima\/blog\/wp-json\/wp\/v2\/media\/2363"}],"wp:attachment":[{"href":"https:\/\/www.redesalvatoriana.org.br\/fatima\/blog\/wp-json\/wp\/v2\/media?parent=2362"}],"wp:term":[{"taxonomy":"category","embeddable":true,"href":"https:\/\/www.redesalvatoriana.org.br\/fatima\/blog\/wp-json\/wp\/v2\/categories?post=2362"},{"taxonomy":"post_tag","embeddable":true,"href":"https:\/\/www.redesalvatoriana.org.br\/fatima\/blog\/wp-json\/wp\/v2\/tags?post=2362"}],"curies":[{"name":"wp","href":"https:\/\/api.w.org\/{rel}","templated":true}]}}