{"id":2357,"date":"2021-07-16T17:43:50","date_gmt":"2021-07-16T20:43:50","guid":{"rendered":"https:\/\/www.redesalvatoriana.org.br\/fatima\/blog\/?p=2357"},"modified":"2021-07-16T17:43:50","modified_gmt":"2021-07-16T20:43:50","slug":"a-semana-no-contraturno-2","status":"publish","type":"post","link":"https:\/\/www.redesalvatoriana.org.br\/fatima\/blog\/2021\/07\/16\/a-semana-no-contraturno-2\/","title":{"rendered":"A semana no Contraturno"},"content":{"rendered":"<div>Al\u00e9m de todas as oficinas oferecidas pelo Contraturno, os estudantes contam ainda com um Projeto Interdisciplinar chamado &#8220;Um mundo ao nosso redor&#8221;, onde viajam por diferentes culturas ao longo do semestre.<\/div>\n<div><\/div>\n<div>\n<p>Nesta semana, eles puderam realizar in\u00fameras atividades e aventuras conhecendo a cultura e costumes do Jap\u00e3o.<\/p>\n<p>Confira os registros no v\u00eddeo a seguir!<\/p>\n<\/div>\n<div><\/div>\n<div><iframe loading=\"lazy\" style=\"border: none; overflow: hidden;\" src=\"https:\/\/www.facebook.com\/plugins\/video.php?height=314&amp;href=https%3A%2F%2Fbusiness.facebook.com%2Fcsnsfatima%2Fvideos%2F372667317616873%2F&amp;show_text=false&amp;width=560&amp;t=0\" width=\"560\" height=\"314\" frameborder=\"0\" scrolling=\"no\" allowfullscreen=\"allowfullscreen\"><\/iframe><\/div>\n<div><\/div>\n","protected":false},"excerpt":{"rendered":"<p>Al\u00e9m de todas as oficinas oferecidas pelo Contraturno, os estudantes contam ainda com um Projeto Interdisciplinar chamado &#8220;Um mundo ao nosso redor&#8221;, onde viajam por diferentes culturas ao longo do semestre. Nesta semana, eles puderam realizar in\u00fameras atividades e aventuras conhecendo a cultura e costumes do Jap\u00e3o. Confira os registros no v\u00eddeo a seguir!<\/p>\n","protected":false},"author":2,"featured_media":2297,"comment_status":"open","ping_status":"open","sticky":false,"template":"","format":"standard","meta":[],"categories":[3],"tags":[43],"_links":{"self":[{"href":"https:\/\/www.redesalvatoriana.org.br\/fatima\/blog\/wp-json\/wp\/v2\/posts\/2357"}],"collection":[{"href":"https:\/\/www.redesalvatoriana.org.br\/fatima\/blog\/wp-json\/wp\/v2\/posts"}],"about":[{"href":"https:\/\/www.redesalvatoriana.org.br\/fatima\/blog\/wp-json\/wp\/v2\/types\/post"}],"author":[{"embeddable":true,"href":"https:\/\/www.redesalvatoriana.org.br\/fatima\/blog\/wp-json\/wp\/v2\/users\/2"}],"replies":[{"embeddable":true,"href":"https:\/\/www.redesalvatoriana.org.br\/fatima\/blog\/wp-json\/wp\/v2\/comments?post=2357"}],"version-history":[{"count":1,"href":"https:\/\/www.redesalvatoriana.org.br\/fatima\/blog\/wp-json\/wp\/v2\/posts\/2357\/revisions"}],"predecessor-version":[{"id":2358,"href":"https:\/\/www.redesalvatoriana.org.br\/fatima\/blog\/wp-json\/wp\/v2\/posts\/2357\/revisions\/2358"}],"wp:featuredmedia":[{"embeddable":true,"href":"https:\/\/www.redesalvatoriana.org.br\/fatima\/blog\/wp-json\/wp\/v2\/media\/2297"}],"wp:attachment":[{"href":"https:\/\/www.redesalvatoriana.org.br\/fatima\/blog\/wp-json\/wp\/v2\/media?parent=2357"}],"wp:term":[{"taxonomy":"category","embeddable":true,"href":"https:\/\/www.redesalvatoriana.org.br\/fatima\/blog\/wp-json\/wp\/v2\/categories?post=2357"},{"taxonomy":"post_tag","embeddable":true,"href":"https:\/\/www.redesalvatoriana.org.br\/fatima\/blog\/wp-json\/wp\/v2\/tags?post=2357"}],"curies":[{"name":"wp","href":"https:\/\/api.w.org\/{rel}","templated":true}]}}