{"id":2296,"date":"2021-06-11T16:41:00","date_gmt":"2021-06-11T19:41:00","guid":{"rendered":"https:\/\/www.redesalvatoriana.org.br\/fatima\/blog\/?p=2296"},"modified":"2021-06-11T16:41:00","modified_gmt":"2021-06-11T19:41:00","slug":"a-semana-no-contraturno","status":"publish","type":"post","link":"https:\/\/www.redesalvatoriana.org.br\/fatima\/blog\/2021\/06\/11\/a-semana-no-contraturno\/","title":{"rendered":"A semana no Contraturno"},"content":{"rendered":"<div class=\"\" data-block=\"true\" data-editor=\"27q0t\" data-offset-key=\"d0icp-0-0\">\n<div class=\"_1mf _1mj\" data-offset-key=\"d0icp-0-0\"><span data-offset-key=\"d0icp-0-0\">O Contraturno, do N\u00edvel 5 ao 6\u00ba Ano, \u00e9 um projeto extracurricular que tem como objetivo o desenvolvimento cognitivo, social e motor dos mediados preparando-os para a vida. Com propostas l\u00fadicas, o aprendizado \u00e9 assimilado com facilidade. <\/span><\/div>\n<\/div>\n<div class=\"\" data-block=\"true\" data-editor=\"27q0t\" data-offset-key=\"29gcn-0-0\">\n<div class=\"_1mf _1mj\" data-offset-key=\"29gcn-0-0\"><span data-offset-key=\"29gcn-0-0\">\u00a0<\/span><\/div>\n<\/div>\n<div class=\"\" data-block=\"true\" data-editor=\"27q0t\" data-offset-key=\"7ns6p-0-0\">\n<div class=\"_1mf _1mj\" data-offset-key=\"7ns6p-0-0\"><span data-offset-key=\"7ns6p-0-0\">\u00a0<\/span><\/div>\n<\/div>\n<div class=\"\" data-block=\"true\" data-editor=\"27q0t\" data-offset-key=\"bae4t-0-0\">\n<div class=\"_1mf _1mj\" data-offset-key=\"bae4t-0-0\"><span data-offset-key=\"bae4t-0-0\">S\u00e3o oferecidas diversas aulas extras como: jogos cognitivos, pilates, m\u00fasica, ingl\u00eas, pr\u00e1ticas corporais, estudos e tarefas.<\/span><\/div>\n<\/div>\n<div class=\"\" data-block=\"true\" data-editor=\"27q0t\" data-offset-key=\"b5lee-0-0\">\n<div class=\"_1mf _1mj\" data-offset-key=\"b5lee-0-0\"><span data-offset-key=\"b5lee-0-0\">\u00a0<\/span><\/div>\n<\/div>\n<div class=\"\" data-block=\"true\" data-editor=\"27q0t\" data-offset-key=\"f2005-0-0\">\n<div class=\"_1mf _1mj\" data-offset-key=\"f2005-0-0\"><span data-offset-key=\"f2005-0-0\">\u00a0<\/span><\/div>\n<\/div>\n<div class=\"\" data-block=\"true\" data-editor=\"27q0t\" data-offset-key=\"7ttp2-0-0\">\n<div class=\"_1mf _1mj\" data-offset-key=\"7ttp2-0-0\"><span data-offset-key=\"7ttp2-0-0\">Paralelo a isso, as Professoras Gabriela Mafra e Rosana Raulino est\u00e3o desenvolvendo o Projeto \u201cUm Mundo ao Nosso Redor\u201d onde o Contraturno \u00e9 palco para viagens incr\u00edveis pelos cinco continentes. Nessa semana partiram rumo ao Alasca e chegaram nesse lugar gelado por meio de muita imagina\u00e7\u00e3o.<\/span><\/div>\n<\/div>\n<div class=\"\" data-block=\"true\" data-editor=\"27q0t\" data-offset-key=\"35f05-0-0\">\n<div class=\"_1mf _1mj\" data-offset-key=\"35f05-0-0\"><span data-offset-key=\"35f05-0-0\">\u00a0<\/span><\/div>\n<\/div>\n<div class=\"\" data-block=\"true\" data-editor=\"27q0t\" data-offset-key=\"2jpd9-0-0\">\n<div class=\"_1mf _1mj\" data-offset-key=\"2jpd9-0-0\"><span data-offset-key=\"2jpd9-0-0\">\u00a0<\/span><\/div>\n<\/div>\n<div class=\"\" data-block=\"true\" data-editor=\"27q0t\" data-offset-key=\"cpvm-0-0\">\n<div class=\"_1mf _1mj\" data-offset-key=\"cpvm-0-0\"><span data-offset-key=\"cpvm-0-0\">Confira o v\u00eddeo com as fotos dessa semana!<\/span><\/div>\n<\/div>\n<div data-offset-key=\"cpvm-0-0\"><\/div>\n<div data-offset-key=\"cpvm-0-0\"><iframe loading=\"lazy\" style=\"border: none; overflow: hidden;\" src=\"https:\/\/www.facebook.com\/plugins\/video.php?height=314&amp;href=https%3A%2F%2Fwww.facebook.com%2Fcsnsfatima%2Fvideos%2F479450350019327%2F&amp;show_text=false&amp;width=560&amp;t=0\" width=\"560\" height=\"314\" frameborder=\"0\" scrolling=\"no\" allowfullscreen=\"allowfullscreen\"><\/iframe><\/div>\n<div data-offset-key=\"cpvm-0-0\"><\/div>\n","protected":false},"excerpt":{"rendered":"<p>O Contraturno, do N\u00edvel 5 ao 6\u00ba Ano, \u00e9 um projeto extracurricular que tem como objetivo o desenvolvimento cognitivo, social e motor dos mediados preparando-os para a vida. Com propostas l\u00fadicas, o aprendizado \u00e9 assimilado com facilidade. \u00a0 \u00a0 S\u00e3o oferecidas diversas aulas extras como: jogos cognitivos, pilates, m\u00fasica, ingl\u00eas, pr\u00e1ticas corporais, estudos e tarefas. [&hellip;]<\/p>\n","protected":false},"author":2,"featured_media":2297,"comment_status":"open","ping_status":"open","sticky":false,"template":"","format":"standard","meta":[],"categories":[3],"tags":[43],"_links":{"self":[{"href":"https:\/\/www.redesalvatoriana.org.br\/fatima\/blog\/wp-json\/wp\/v2\/posts\/2296"}],"collection":[{"href":"https:\/\/www.redesalvatoriana.org.br\/fatima\/blog\/wp-json\/wp\/v2\/posts"}],"about":[{"href":"https:\/\/www.redesalvatoriana.org.br\/fatima\/blog\/wp-json\/wp\/v2\/types\/post"}],"author":[{"embeddable":true,"href":"https:\/\/www.redesalvatoriana.org.br\/fatima\/blog\/wp-json\/wp\/v2\/users\/2"}],"replies":[{"embeddable":true,"href":"https:\/\/www.redesalvatoriana.org.br\/fatima\/blog\/wp-json\/wp\/v2\/comments?post=2296"}],"version-history":[{"count":1,"href":"https:\/\/www.redesalvatoriana.org.br\/fatima\/blog\/wp-json\/wp\/v2\/posts\/2296\/revisions"}],"predecessor-version":[{"id":2298,"href":"https:\/\/www.redesalvatoriana.org.br\/fatima\/blog\/wp-json\/wp\/v2\/posts\/2296\/revisions\/2298"}],"wp:featuredmedia":[{"embeddable":true,"href":"https:\/\/www.redesalvatoriana.org.br\/fatima\/blog\/wp-json\/wp\/v2\/media\/2297"}],"wp:attachment":[{"href":"https:\/\/www.redesalvatoriana.org.br\/fatima\/blog\/wp-json\/wp\/v2\/media?parent=2296"}],"wp:term":[{"taxonomy":"category","embeddable":true,"href":"https:\/\/www.redesalvatoriana.org.br\/fatima\/blog\/wp-json\/wp\/v2\/categories?post=2296"},{"taxonomy":"post_tag","embeddable":true,"href":"https:\/\/www.redesalvatoriana.org.br\/fatima\/blog\/wp-json\/wp\/v2\/tags?post=2296"}],"curies":[{"name":"wp","href":"https:\/\/api.w.org\/{rel}","templated":true}]}}