{"id":2272,"date":"2021-05-24T09:32:35","date_gmt":"2021-05-24T12:32:35","guid":{"rendered":"https:\/\/www.redesalvatoriana.org.br\/fatima\/blog\/?p=2272"},"modified":"2021-05-24T09:32:35","modified_gmt":"2021-05-24T12:32:35","slug":"festa-mexicana-contraturno","status":"publish","type":"post","link":"https:\/\/www.redesalvatoriana.org.br\/fatima\/blog\/2021\/05\/24\/festa-mexicana-contraturno\/","title":{"rendered":"Festa Mexicana &#8211; Contraturno"},"content":{"rendered":"<div class=\"\" data-block=\"true\" data-editor=\"e1s7s\" data-offset-key=\"2vlek-0-0\">\n<div class=\"_1mf _1mj\" data-offset-key=\"2vlek-0-0\"><span data-offset-key=\"2vlek-0-0\">O Contraturno \u00e9 marcado por muitas descobertas, sempre permeado pelas curiosidades das crian\u00e7as acerca do mundo que as rodeia.\u00a0<\/span><\/div>\n<\/div>\n<div class=\"\" data-block=\"true\" data-editor=\"e1s7s\" data-offset-key=\"1p3dq-0-0\">\n<div class=\"_1mf _1mj\" data-offset-key=\"1p3dq-0-0\"><span data-offset-key=\"1p3dq-0-0\">\u00a0<\/span><\/div>\n<\/div>\n<div class=\"\" data-block=\"true\" data-editor=\"e1s7s\" data-offset-key=\"l1ts-0-0\">\n<div class=\"_1mf _1mj\" data-offset-key=\"l1ts-0-0\"><span data-offset-key=\"l1ts-0-0\">Dentro do projeto \u201cUm Mundo ao Nosso Redor\u201d, semanalmente, os estudantes v\u00e3o conhecendo culturas, costumes, culin\u00e1rias, paisagens, idiomas, pontos tur\u00edsticos de alguns pa\u00edses, vivenciando as mais fant\u00e1sticas aventuras e aprendizados.\u00a0<\/span><\/div>\n<\/div>\n<div class=\"\" data-block=\"true\" data-editor=\"e1s7s\" data-offset-key=\"10m55-0-0\">\n<div class=\"_1mf _1mj\" data-offset-key=\"10m55-0-0\"><span data-offset-key=\"10m55-0-0\">\u00a0<\/span><\/div>\n<\/div>\n<div class=\"\" data-block=\"true\" data-editor=\"e1s7s\" data-offset-key=\"9b950-0-0\">\n<div class=\"_1mf _1mj\" data-offset-key=\"9b950-0-0\"><span data-offset-key=\"9b950-0-0\">Dessa vez, a viagem foi rumo ao M\u00e9xico e, para finalizar, nada melhor que provar um pouco da sua culin\u00e1ria.<\/span><\/div>\n<\/div>\n<div class=\"\" data-block=\"true\" data-editor=\"e1s7s\" data-offset-key=\"159qi-0-0\">\n<div class=\"_1mf _1mj\" data-offset-key=\"159qi-0-0\"><span data-offset-key=\"159qi-0-0\">\u00a0<\/span><\/div>\n<\/div>\n<div class=\"\" data-block=\"true\" data-editor=\"e1s7s\" data-offset-key=\"ej6me-0-0\">\n<div class=\"_1mf _1mj\" data-offset-key=\"ej6me-0-0\"><\/div>\n<\/div>\n<p><iframe loading=\"lazy\" style=\"border: none; overflow: hidden;\" src=\"https:\/\/www.facebook.com\/plugins\/post.php?href=https%3A%2F%2Fwww.facebook.com%2Fcsnsfatima%2Fposts%2F4586206764727513&amp;show_text=true&amp;width=500\" width=\"500\" height=\"790\" frameborder=\"0\" scrolling=\"no\" allowfullscreen=\"allowfullscreen\"><\/iframe><\/p>\n","protected":false},"excerpt":{"rendered":"<p>O Contraturno \u00e9 marcado por muitas descobertas, sempre permeado pelas curiosidades das crian\u00e7as acerca do mundo que as rodeia.\u00a0 \u00a0 Dentro do projeto \u201cUm Mundo ao Nosso Redor\u201d, semanalmente, os estudantes v\u00e3o conhecendo culturas, costumes, culin\u00e1rias, paisagens, idiomas, pontos tur\u00edsticos de alguns pa\u00edses, vivenciando as mais fant\u00e1sticas aventuras e aprendizados.\u00a0 \u00a0 Dessa vez, a viagem [&hellip;]<\/p>\n","protected":false},"author":2,"featured_media":0,"comment_status":"open","ping_status":"open","sticky":false,"template":"","format":"standard","meta":[],"categories":[3],"tags":[43],"_links":{"self":[{"href":"https:\/\/www.redesalvatoriana.org.br\/fatima\/blog\/wp-json\/wp\/v2\/posts\/2272"}],"collection":[{"href":"https:\/\/www.redesalvatoriana.org.br\/fatima\/blog\/wp-json\/wp\/v2\/posts"}],"about":[{"href":"https:\/\/www.redesalvatoriana.org.br\/fatima\/blog\/wp-json\/wp\/v2\/types\/post"}],"author":[{"embeddable":true,"href":"https:\/\/www.redesalvatoriana.org.br\/fatima\/blog\/wp-json\/wp\/v2\/users\/2"}],"replies":[{"embeddable":true,"href":"https:\/\/www.redesalvatoriana.org.br\/fatima\/blog\/wp-json\/wp\/v2\/comments?post=2272"}],"version-history":[{"count":1,"href":"https:\/\/www.redesalvatoriana.org.br\/fatima\/blog\/wp-json\/wp\/v2\/posts\/2272\/revisions"}],"predecessor-version":[{"id":2274,"href":"https:\/\/www.redesalvatoriana.org.br\/fatima\/blog\/wp-json\/wp\/v2\/posts\/2272\/revisions\/2274"}],"wp:attachment":[{"href":"https:\/\/www.redesalvatoriana.org.br\/fatima\/blog\/wp-json\/wp\/v2\/media?parent=2272"}],"wp:term":[{"taxonomy":"category","embeddable":true,"href":"https:\/\/www.redesalvatoriana.org.br\/fatima\/blog\/wp-json\/wp\/v2\/categories?post=2272"},{"taxonomy":"post_tag","embeddable":true,"href":"https:\/\/www.redesalvatoriana.org.br\/fatima\/blog\/wp-json\/wp\/v2\/tags?post=2272"}],"curies":[{"name":"wp","href":"https:\/\/api.w.org\/{rel}","templated":true}]}}