{"id":1263,"date":"2018-12-13T10:51:54","date_gmt":"2018-12-13T10:51:54","guid":{"rendered":"https:\/\/www.redesalvatoriana.org.br\/fatima\/blog\/?p=1263"},"modified":"2018-12-13T16:55:02","modified_gmt":"2018-12-13T16:55:02","slug":"pintura-com-a-boca-e-os-pes-contraturno","status":"publish","type":"post","link":"https:\/\/www.redesalvatoriana.org.br\/fatima\/blog\/2018\/12\/13\/pintura-com-a-boca-e-os-pes-contraturno\/","title":{"rendered":"Pintura com a Boca e os P\u00e9s &#8211; Contraturno"},"content":{"rendered":"<p>Baseado nas obras dos artistas da Associa\u00e7\u00e3o Pintores com a Boca e os P\u00e9s, as crian\u00e7as do Contraturno inspiraram-se a conhecer mais a fundo o trabalho desses grandes artistas, que tem como objetivo ganhar o seu pr\u00f3prio sustento atrav\u00e9s de seus esfor\u00e7os art\u00edsticos e obter uma seguran\u00e7a de trabalho que at\u00e9 ent\u00e3o eles n\u00e3o tinham. Ap\u00f3s, colocaram em pr\u00e1tica experimentando esta diferente maneira de pintar.<\/p>\n<p><img src=\"https:\/\/scontent.fcwb2-2.fna.fbcdn.net\/v\/t1.0-9\/48053261_2421925131155698_4615099263297257472_n.jpg?_nc_cat=110&amp;_nc_ht=scontent.fcwb2-2.fna&amp;oh=9fa606d7fd127a8468ccd5e378cc7e4b&amp;oe=5CA59A17\" alt=\"A imagem pode conter: uma ou mais pessoas\" \/><\/p>\n<p><img src=\"https:\/\/scontent.fbnu4-1.fna.fbcdn.net\/v\/t1.0-9\/48355381_2421925141155697_8078959090094571520_n.jpg?_nc_cat=101&amp;_nc_ht=scontent.fbnu4-1.fna&amp;oh=3aaf795f58906cf4c0ba53566887ff06&amp;oe=5CAF83B5\" alt=\"A imagem pode conter: uma ou mais pessoas e pessoas sentadas\" \/><\/p>\n<p><img src=\"https:\/\/scontent.fcwb2-2.fna.fbcdn.net\/v\/t1.0-9\/48039916_2421925214489023_7652077445822021632_n.jpg?_nc_cat=107&amp;_nc_ht=scontent.fcwb2-2.fna&amp;oh=d045c4e7f6c6395a8958914a7a34ef0b&amp;oe=5C930EA9\" alt=\"A imagem pode conter: 1 pessoa\" \/><\/p>\n<p><img src=\"https:\/\/scontent.fcwb2-2.fna.fbcdn.net\/v\/t1.0-9\/48366124_2421925191155692_3714169902332903424_n.jpg?_nc_cat=100&amp;_nc_ht=scontent.fcwb2-2.fna&amp;oh=9f678ae194d86ee34623814a9e1f373a&amp;oe=5CA78281\" alt=\"A imagem pode conter: 1 pessoa, sentado\" \/><\/p>\n<p><img src=\"https:\/\/scontent.fcwb2-2.fna.fbcdn.net\/v\/t1.0-9\/48266927_2421925201155691_332153975895752704_n.jpg?_nc_cat=107&amp;_nc_ht=scontent.fcwb2-2.fna&amp;oh=84f16202bde85fcb4f26d71a4ad4fc1d&amp;oe=5CAF6C44\" alt=\"A imagem pode conter: 1 pessoa, sentado e shorts\" \/><\/p>\n<p><img src=\"https:\/\/scontent.fbnu4-1.fna.fbcdn.net\/v\/t1.0-9\/48367239_2421925271155684_1018149060105732096_n.jpg?_nc_cat=106&amp;_nc_ht=scontent.fbnu4-1.fna&amp;oh=31830a97eb68a768b2c7da741e774f2e&amp;oe=5CAB1640\" alt=\"A imagem pode conter: uma ou mais pessoas e pessoas sentadas\" \/><\/p>\n<p><img src=\"https:\/\/scontent.fbnu4-1.fna.fbcdn.net\/v\/t1.0-9\/48358915_2421925327822345_5254042959304720384_n.jpg?_nc_cat=101&amp;_nc_ht=scontent.fbnu4-1.fna&amp;oh=af062e29004654552794883055ae93d2&amp;oe=5CADA977\" alt=\"A imagem pode conter: uma ou mais pessoas e pessoas em p\u00c3\u00a9\" \/><\/p>\n<p><img src=\"https:\/\/scontent.fbnu4-1.fna.fbcdn.net\/v\/t1.0-9\/48380208_2421925337822344_2952702244048338944_n.jpg?_nc_cat=105&amp;_nc_ht=scontent.fbnu4-1.fna&amp;oh=9f97c2ee2e3e007eaff8ad9d7a8393e1&amp;oe=5C9CC837\" alt=\"A imagem pode conter: uma ou mais pessoas e pessoas sentadas\" \/><\/p>\n<p><img src=\"https:\/\/scontent.fbnu4-1.fna.fbcdn.net\/v\/t1.0-9\/48082928_2421925377822340_6461987886941077504_n.jpg?_nc_cat=106&amp;_nc_ht=scontent.fbnu4-1.fna&amp;oh=b2404d4a679a771503cd2de56d921fa2&amp;oe=5C63D9B1\" alt=\"A imagem pode conter: uma ou mais pessoas e pessoas sentadas\" \/><\/p>\n<p><img src=\"https:\/\/scontent.fbnu4-1.fna.fbcdn.net\/v\/t1.0-9\/48389904_2421925394489005_964523210844405760_n.jpg?_nc_cat=104&amp;_nc_ht=scontent.fbnu4-1.fna&amp;oh=048b2fba7ae4ffa354f87a7d5c8ddf25&amp;oe=5CA922E1\" alt=\"A imagem pode conter: 1 pessoa\" \/><\/p>\n<p><img src=\"https:\/\/scontent.fcwb2-2.fna.fbcdn.net\/v\/t1.0-9\/48266743_2421925417822336_5475767862821912576_n.jpg?_nc_cat=111&amp;_nc_ht=scontent.fcwb2-2.fna&amp;oh=54398361adc0c4cc1a852248e0d7b4e8&amp;oe=5C958FA4\" alt=\"A imagem pode conter: uma ou mais pessoas e pessoas sentadas\" \/><\/p>\n<p><img src=\"https:\/\/scontent.fbnu4-1.fna.fbcdn.net\/v\/t1.0-9\/48058874_2421925454488999_6873554751577915392_n.jpg?_nc_cat=104&amp;_nc_ht=scontent.fbnu4-1.fna&amp;oh=9d1a0e619ac5a36b4a15bb323aebc7cb&amp;oe=5C9F6BEB\" alt=\"A imagem pode conter: 1 pessoa, sentado\" \/><\/p>\n<p>&nbsp;<\/p>\n","protected":false},"excerpt":{"rendered":"<p>Baseado nas obras dos artistas da Associa\u00e7\u00e3o Pintores com a Boca e os P\u00e9s, as crian\u00e7as do Contraturno inspiraram-se a conhecer mais a fundo o trabalho desses grandes artistas, que tem como objetivo ganhar o seu pr\u00f3prio sustento atrav\u00e9s de seus esfor\u00e7os art\u00edsticos e obter uma seguran\u00e7a de trabalho que at\u00e9 ent\u00e3o eles n\u00e3o tinham. [&hellip;]<\/p>\n","protected":false},"author":2,"featured_media":1264,"comment_status":"open","ping_status":"open","sticky":false,"template":"","format":"standard","meta":[],"categories":[3],"tags":[],"_links":{"self":[{"href":"https:\/\/www.redesalvatoriana.org.br\/fatima\/blog\/wp-json\/wp\/v2\/posts\/1263"}],"collection":[{"href":"https:\/\/www.redesalvatoriana.org.br\/fatima\/blog\/wp-json\/wp\/v2\/posts"}],"about":[{"href":"https:\/\/www.redesalvatoriana.org.br\/fatima\/blog\/wp-json\/wp\/v2\/types\/post"}],"author":[{"embeddable":true,"href":"https:\/\/www.redesalvatoriana.org.br\/fatima\/blog\/wp-json\/wp\/v2\/users\/2"}],"replies":[{"embeddable":true,"href":"https:\/\/www.redesalvatoriana.org.br\/fatima\/blog\/wp-json\/wp\/v2\/comments?post=1263"}],"version-history":[{"count":1,"href":"https:\/\/www.redesalvatoriana.org.br\/fatima\/blog\/wp-json\/wp\/v2\/posts\/1263\/revisions"}],"predecessor-version":[{"id":1265,"href":"https:\/\/www.redesalvatoriana.org.br\/fatima\/blog\/wp-json\/wp\/v2\/posts\/1263\/revisions\/1265"}],"wp:featuredmedia":[{"embeddable":true,"href":"https:\/\/www.redesalvatoriana.org.br\/fatima\/blog\/wp-json\/wp\/v2\/media\/1264"}],"wp:attachment":[{"href":"https:\/\/www.redesalvatoriana.org.br\/fatima\/blog\/wp-json\/wp\/v2\/media?parent=1263"}],"wp:term":[{"taxonomy":"category","embeddable":true,"href":"https:\/\/www.redesalvatoriana.org.br\/fatima\/blog\/wp-json\/wp\/v2\/categories?post=1263"},{"taxonomy":"post_tag","embeddable":true,"href":"https:\/\/www.redesalvatoriana.org.br\/fatima\/blog\/wp-json\/wp\/v2\/tags?post=1263"}],"curies":[{"name":"wp","href":"https:\/\/api.w.org\/{rel}","templated":true}]}}