{"id":919,"date":"2022-03-29T13:22:36","date_gmt":"2022-03-29T13:22:36","guid":{"rendered":"https:\/\/www.redesalvatoriana.org.br\/divino\/blog\/?p=919"},"modified":"2022-03-29T13:22:39","modified_gmt":"2022-03-29T13:22:39","slug":"hormonio-do-sono-o-que-saber","status":"publish","type":"post","link":"https:\/\/www.redesalvatoriana.org.br\/divino\/blog\/2022\/03\/29\/hormonio-do-sono-o-que-saber\/","title":{"rendered":"Horm\u00f4nio do sono: o que saber?"},"content":{"rendered":"\n<p>Dist\u00farbios de sono afetam cerca de 65% dos brasileiros, sem diferenciar adultos ou crian\u00e7as. Com varia\u00e7\u00f5es apenas na forma de apresenta\u00e7\u00e3o, eles foram mais frequentes na popula\u00e7\u00e3o brasileira durante a pandemia, quando 70% dos brasileiros revelou ter dificuldades para dormir, segundo uma pesquisa divulgada pelo Instituto do Sono.<\/p>\n\n\n\n<figure class=\"wp-block-pullquote\"><blockquote><p>Considerada um dist\u00farbio comum, a ins\u00f4nia \u00e9 definida pela dificuldade para iniciar ou manter o sono, provocando sonol\u00eancia durante o decorrer do dia.<\/p><\/blockquote><\/figure>\n\n\n\n<h2><strong>Varia\u00e7\u00f5es do sono desde o nascimento<\/strong><\/h2>\n\n\n\n<p>Enquanto os rec\u00e9m-nascidos obedecem um ritmo de sono chamado de ultradiano (que independe do ciclo noite\/dia), com per\u00edodos de 3 a 4 horas de sono cont\u00ednuo, \u00e9 a partir dos primeiros meses de vida que come\u00e7a a consolida\u00e7\u00e3o do ciclo circadiano (que depende da noite\/dia). J\u00e1 no primeiro m\u00eas, os per\u00edodos de sono noturno passam a ser mais longos. Por volta dos 6 meses, o beb\u00ea j\u00e1 consegue dormir por dois per\u00edodos cont\u00ednuos de sono. Com o amadurecimento e modifica\u00e7\u00f5es das estruturas reguladoras do sono, ao atingir 12 meses espera-se que o sono do beb\u00ea se consolide durante a noite, com cochilos durante o dia.<\/p>\n\n\n\n<p>A partir dos 5 anos, a crian\u00e7a j\u00e1 n\u00e3o tem mais necessidade da soneca durante o dia, e at\u00e9 que atinja os 10 anos pode ocorrer uma redu\u00e7\u00e3o gradativa do tempo total de sono noturno. Neste ritmo, ao atingir a pr\u00e9-adolesc\u00eancia (dos 11 aos 13 anos) a dura\u00e7\u00e3o do sono noturno atinge 9 horas em um cen\u00e1rio ideal. J\u00e1 os adolescentes entre 14 e 16 anos tem um ciclo de sono que varia de 8,6 a 6,4 horas por noite, com diferen\u00e7a percept\u00edvel entre os dias com atividades escolares e finais de semana.<\/p>\n\n\n\n<h2><strong>Por que dormimos menos?<\/strong><\/h2>\n\n\n\n<p>Ao atingir a idade adulta, o indiv\u00edduo deveria dormir em torno de 7 a 8 horas seguidas. O valor vai diminuir progressivamente conforme o envelhecimento, mas pesquisas j\u00e1 identificam uma redu\u00e7\u00e3o significativa nas horas de sono da popula\u00e7\u00e3o brasileira. Dados da Associa\u00e7\u00e3o Brasileira do Sono apontam que o brasileiro dormiu apenas 6,4 horas por dia em 2019. O valor se tornou ainda menor com a pandemia.<\/p>\n\n\n\n<p>Grande parte do ciclo de sono e vig\u00edlia \u00e9 ditado por um horm\u00f4nio chamado melatonina. Ele \u00e9 produzido pela gl\u00e2ndula pineal, que fica bem no meio do c\u00e9rebro.Conforme o sol de p\u00f5e, a produ\u00e7\u00e3o de melatonina come\u00e7a como uma forma de preparar o organismo para o sono noturno. Ela ser\u00e1 interrompida assim que o dia clarear, para que o corpo consiga despertar para as atividades di\u00e1rias.<\/p>\n\n\n\n<p>H\u00e1 quem defenda que a secre\u00e7\u00e3o de melatonina foi alterada desde que a humanidade passou a conviver com aparelhos el\u00e9tricos. Isso porque a luz emitida por eles acaba inibindo a produ\u00e7\u00e3o deste horm\u00f4nio do sono, acelerando um processo que ocorreria naturalmente com o avan\u00e7ar da idade. Idosos ou pessoas afetadas por doen\u00e7as espec\u00edficas produzem menor quantidade de melatonina quando comparadas aos mais jovens.<\/p>\n\n\n\n<p>Al\u00e9m de influenciar nos processos fisiol\u00f3gicos, ela tamb\u00e9m atua no sistema imunol\u00f3gico e estimula a forma\u00e7\u00e3o de anticorpos. E para al\u00e9m do sono, tamb\u00e9m \u00e9 respons\u00e1vel pelo controle das altera\u00e7\u00f5es sazonais, j\u00e1 que em condi\u00e7\u00f5es normais, \u00e9 produzida em maior quantidade no inverno quando as noites s\u00e3o mais longas do que no ver\u00e3o, quando as noites s\u00e3o mais curtas. O sinal temporal dado pela melatonina ajuda o organismo a organizar as fun\u00e7\u00f5es que dependem da dura\u00e7\u00e3o do dia, seu comportamento, reprodu\u00e7\u00e3o, crescimento de pelos, etc.<\/p>\n\n\n\n<h2><strong>Comprar ou n\u00e3o?<\/strong><\/h2>\n\n\n\n<p>Em resposta ao h\u00e1bito de dormir pouco, o horm\u00f4nio do sono passou a ser comercializado em farm\u00e1cias sem necessidade de prescri\u00e7\u00e3o m\u00e9dica. A venda de melatonina foi liberada pela Anvisa em outubro de 2021 em uma decis\u00e3o alinhada ao que j\u00e1 ocorre em v\u00e1rios pa\u00edses europeus e na Am\u00e9rica do Norte, enquadrada como um suplemento alimentar.<\/p>\n\n\n\n<p>Especialistas afirmam que a dose aprovada no Brasil (0,21 mg) est\u00e1 muito pr\u00f3xima ao que \u00e9 produzido pelo organismo, uma forma de diminuir o risco de eventos adversos. Em outros pa\u00edses, pode-se encontrar doses de at\u00e9 5 mg. Mas ainda n\u00e3o existe um consenso sobre qual \u00e9 a dose adequada para usufruir de seus efeitos, especialmente porque os exames para medir a quantidade do horm\u00f4nio e determinar sua defici\u00eancia n\u00e3o est\u00e3o dispon\u00edveis em larga escala.<\/p>\n\n\n\n<p>No Hospital Salvatoriano Divino Salvador, em Videira (SC), pode-se realizar o exame de polissonografia, que fornece dados para uma avalia\u00e7\u00e3o do sono do paciente e registra as varia\u00e7\u00f5es que ocorrem durante o per\u00edodo de descanso. As informa\u00e7\u00f5es s\u00e3o obtidas atrav\u00e9s de eletrodos fixados no couro cabeludo e no corpo, bem como um sensor no dedo, para gerar par\u00e2metros que detectem as altera\u00e7\u00f5es que o m\u00e9dico suspeita.<\/p>\n\n\n\n<p>Mesmo que esteja dispon\u00edvel nas farm\u00e1cias, o uso do horm\u00f4nio do sono ainda precisa ter acompanhamento e orienta\u00e7\u00e3o m\u00e9dica. Por vezes, antes de prescrever a melatonina o profissional de sa\u00fade pode orientar uma mudan\u00e7a de h\u00e1bitos, a chamada higiene do sono. Uma mudan\u00e7a que faz toda diferen\u00e7a na produ\u00e7\u00e3o natural do horm\u00f4nio e garantir um descanso de qualidade.<\/p>\n","protected":false},"excerpt":{"rendered":"<p>Dist\u00farbios de sono afetam cerca de 65% dos brasileiros, sem diferenciar adultos ou crian\u00e7as. Com varia\u00e7\u00f5es apenas na forma de apresenta\u00e7\u00e3o, eles foram mais frequentes na popula\u00e7\u00e3o brasileira durante a pandemia, quando 70%&#8230;<\/p>\n","protected":false},"author":2,"featured_media":921,"comment_status":"open","ping_status":"open","sticky":false,"template":"","format":"standard","meta":[],"categories":[1],"tags":[],"yoast_head":"<!-- This site is optimized with the Yoast SEO plugin v17.7.1 - https:\/\/yoast.com\/wordpress\/plugins\/seo\/ -->\n<meta name=\"robots\" content=\"index, follow, max-snippet:-1, max-image-preview:large, max-video-preview:-1\" \/>\n<link rel=\"canonical\" href=\"https:\/\/www.redesalvatoriana.org.br\/divino\/blog\/2022\/03\/29\/hormonio-do-sono-o-que-saber\/\" \/>\n<meta property=\"og:locale\" content=\"pt_BR\" \/>\n<meta property=\"og:type\" content=\"article\" \/>\n<meta property=\"og:title\" content=\"Horm\u00f4nio do sono: o que saber? - Hospital Salvatoriano Divino Salvador\" \/>\n<meta property=\"og:description\" content=\"Dist\u00farbios de sono afetam cerca de 65% dos brasileiros, sem diferenciar adultos ou crian\u00e7as. Com varia\u00e7\u00f5es apenas na forma de apresenta\u00e7\u00e3o, eles foram mais frequentes na popula\u00e7\u00e3o brasileira durante a pandemia, quando 70%...\" \/>\n<meta property=\"og:url\" content=\"https:\/\/www.redesalvatoriana.org.br\/divino\/blog\/2022\/03\/29\/hormonio-do-sono-o-que-saber\/\" \/>\n<meta property=\"og:site_name\" content=\"Hospital Salvatoriano Divino Salvador\" \/>\n<meta property=\"article:published_time\" content=\"2022-03-29T13:22:36+00:00\" \/>\n<meta property=\"article:modified_time\" content=\"2022-03-29T13:22:39+00:00\" \/>\n<meta property=\"og:image\" content=\"https:\/\/www.redesalvatoriana.org.br\/divino\/blog\/wp-content\/uploads\/2022\/03\/qualidade-do-sono.jpg\" \/>\n\t<meta property=\"og:image:width\" content=\"1200\" \/>\n\t<meta property=\"og:image:height\" content=\"578\" \/>\n<meta name=\"twitter:card\" content=\"summary_large_image\" \/>\n<meta name=\"twitter:label1\" content=\"Written by\" \/>\n\t<meta name=\"twitter:data1\" content=\"Hospital Salvatoriano Divino Salvador\" \/>\n\t<meta name=\"twitter:label2\" content=\"Est. reading time\" \/>\n\t<meta name=\"twitter:data2\" content=\"4 minutos\" \/>\n<script type=\"application\/ld+json\" class=\"yoast-schema-graph\">{\"@context\":\"https:\/\/schema.org\",\"@graph\":[{\"@type\":\"WebSite\",\"@id\":\"https:\/\/www.redesalvatoriana.org.br\/divino\/blog\/#website\",\"url\":\"https:\/\/www.redesalvatoriana.org.br\/divino\/blog\/\",\"name\":\"Hospital Salvatoriano Divino Salvador\",\"description\":\"Hospital Salvatoriano Divino Salvador\",\"potentialAction\":[{\"@type\":\"SearchAction\",\"target\":{\"@type\":\"EntryPoint\",\"urlTemplate\":\"https:\/\/www.redesalvatoriana.org.br\/divino\/blog\/?s={search_term_string}\"},\"query-input\":\"required name=search_term_string\"}],\"inLanguage\":\"pt-BR\"},{\"@type\":\"ImageObject\",\"@id\":\"https:\/\/www.redesalvatoriana.org.br\/divino\/blog\/2022\/03\/29\/hormonio-do-sono-o-que-saber\/#primaryimage\",\"inLanguage\":\"pt-BR\",\"url\":\"https:\/\/www.redesalvatoriana.org.br\/divino\/blog\/wp-content\/uploads\/2022\/03\/qualidade-do-sono.jpg\",\"contentUrl\":\"https:\/\/www.redesalvatoriana.org.br\/divino\/blog\/wp-content\/uploads\/2022\/03\/qualidade-do-sono.jpg\",\"width\":1200,\"height\":578,\"caption\":\"Young sleeping woman and alarm clock in bedroom at home. Young sleeping woman\"},{\"@type\":\"WebPage\",\"@id\":\"https:\/\/www.redesalvatoriana.org.br\/divino\/blog\/2022\/03\/29\/hormonio-do-sono-o-que-saber\/#webpage\",\"url\":\"https:\/\/www.redesalvatoriana.org.br\/divino\/blog\/2022\/03\/29\/hormonio-do-sono-o-que-saber\/\",\"name\":\"Horm\\u00f4nio do sono: o que saber? - Hospital Salvatoriano Divino Salvador\",\"isPartOf\":{\"@id\":\"https:\/\/www.redesalvatoriana.org.br\/divino\/blog\/#website\"},\"primaryImageOfPage\":{\"@id\":\"https:\/\/www.redesalvatoriana.org.br\/divino\/blog\/2022\/03\/29\/hormonio-do-sono-o-que-saber\/#primaryimage\"},\"datePublished\":\"2022-03-29T13:22:36+00:00\",\"dateModified\":\"2022-03-29T13:22:39+00:00\",\"author\":{\"@id\":\"https:\/\/www.redesalvatoriana.org.br\/divino\/blog\/#\/schema\/person\/5084b9840b2eeaf7960372eea931cdfd\"},\"breadcrumb\":{\"@id\":\"https:\/\/www.redesalvatoriana.org.br\/divino\/blog\/2022\/03\/29\/hormonio-do-sono-o-que-saber\/#breadcrumb\"},\"inLanguage\":\"pt-BR\",\"potentialAction\":[{\"@type\":\"ReadAction\",\"target\":[\"https:\/\/www.redesalvatoriana.org.br\/divino\/blog\/2022\/03\/29\/hormonio-do-sono-o-que-saber\/\"]}]},{\"@type\":\"BreadcrumbList\",\"@id\":\"https:\/\/www.redesalvatoriana.org.br\/divino\/blog\/2022\/03\/29\/hormonio-do-sono-o-que-saber\/#breadcrumb\",\"itemListElement\":[{\"@type\":\"ListItem\",\"position\":1,\"name\":\"Home\",\"item\":\"https:\/\/www.redesalvatoriana.org.br\/divino\/blog\/\"},{\"@type\":\"ListItem\",\"position\":2,\"name\":\"Horm\\u00f4nio do sono: o que saber?\"}]},{\"@type\":\"Person\",\"@id\":\"https:\/\/www.redesalvatoriana.org.br\/divino\/blog\/#\/schema\/person\/5084b9840b2eeaf7960372eea931cdfd\",\"name\":\"Hospital Salvatoriano Divino Salvador\",\"image\":{\"@type\":\"ImageObject\",\"@id\":\"https:\/\/www.redesalvatoriana.org.br\/divino\/blog\/#personlogo\",\"inLanguage\":\"pt-BR\",\"url\":\"https:\/\/secure.gravatar.com\/avatar\/f6db265bbdc8bd4b0db118af6359d3f6?s=96&d=mm&r=g\",\"contentUrl\":\"https:\/\/secure.gravatar.com\/avatar\/f6db265bbdc8bd4b0db118af6359d3f6?s=96&d=mm&r=g\",\"caption\":\"Hospital Salvatoriano Divino Salvador\"},\"url\":\"https:\/\/www.redesalvatoriana.org.br\/divino\/blog\/author\/hsds\/\"}]}<\/script>\n<!-- \/ Yoast SEO plugin. -->","yoast_head_json":{"robots":{"index":"index","follow":"follow","max-snippet":"max-snippet:-1","max-image-preview":"max-image-preview:large","max-video-preview":"max-video-preview:-1"},"canonical":"https:\/\/www.redesalvatoriana.org.br\/divino\/blog\/2022\/03\/29\/hormonio-do-sono-o-que-saber\/","og_locale":"pt_BR","og_type":"article","og_title":"Horm\u00f4nio do sono: o que saber? - Hospital Salvatoriano Divino Salvador","og_description":"Dist\u00farbios de sono afetam cerca de 65% dos brasileiros, sem diferenciar adultos ou crian\u00e7as. Com varia\u00e7\u00f5es apenas na forma de apresenta\u00e7\u00e3o, eles foram mais frequentes na popula\u00e7\u00e3o brasileira durante a pandemia, quando 70%...","og_url":"https:\/\/www.redesalvatoriana.org.br\/divino\/blog\/2022\/03\/29\/hormonio-do-sono-o-que-saber\/","og_site_name":"Hospital Salvatoriano Divino Salvador","article_published_time":"2022-03-29T13:22:36+00:00","article_modified_time":"2022-03-29T13:22:39+00:00","og_image":[{"width":1200,"height":578,"url":"https:\/\/www.redesalvatoriana.org.br\/divino\/blog\/wp-content\/uploads\/2022\/03\/qualidade-do-sono.jpg","type":"image\/jpeg"}],"twitter_card":"summary_large_image","twitter_misc":{"Written by":"Hospital Salvatoriano Divino Salvador","Est. reading time":"4 minutos"},"schema":{"@context":"https:\/\/schema.org","@graph":[{"@type":"WebSite","@id":"https:\/\/www.redesalvatoriana.org.br\/divino\/blog\/#website","url":"https:\/\/www.redesalvatoriana.org.br\/divino\/blog\/","name":"Hospital Salvatoriano Divino Salvador","description":"Hospital Salvatoriano Divino Salvador","potentialAction":[{"@type":"SearchAction","target":{"@type":"EntryPoint","urlTemplate":"https:\/\/www.redesalvatoriana.org.br\/divino\/blog\/?s={search_term_string}"},"query-input":"required name=search_term_string"}],"inLanguage":"pt-BR"},{"@type":"ImageObject","@id":"https:\/\/www.redesalvatoriana.org.br\/divino\/blog\/2022\/03\/29\/hormonio-do-sono-o-que-saber\/#primaryimage","inLanguage":"pt-BR","url":"https:\/\/www.redesalvatoriana.org.br\/divino\/blog\/wp-content\/uploads\/2022\/03\/qualidade-do-sono.jpg","contentUrl":"https:\/\/www.redesalvatoriana.org.br\/divino\/blog\/wp-content\/uploads\/2022\/03\/qualidade-do-sono.jpg","width":1200,"height":578,"caption":"Young sleeping woman and alarm clock in bedroom at home. Young sleeping woman"},{"@type":"WebPage","@id":"https:\/\/www.redesalvatoriana.org.br\/divino\/blog\/2022\/03\/29\/hormonio-do-sono-o-que-saber\/#webpage","url":"https:\/\/www.redesalvatoriana.org.br\/divino\/blog\/2022\/03\/29\/hormonio-do-sono-o-que-saber\/","name":"Horm\u00f4nio do sono: o que saber? - Hospital Salvatoriano Divino Salvador","isPartOf":{"@id":"https:\/\/www.redesalvatoriana.org.br\/divino\/blog\/#website"},"primaryImageOfPage":{"@id":"https:\/\/www.redesalvatoriana.org.br\/divino\/blog\/2022\/03\/29\/hormonio-do-sono-o-que-saber\/#primaryimage"},"datePublished":"2022-03-29T13:22:36+00:00","dateModified":"2022-03-29T13:22:39+00:00","author":{"@id":"https:\/\/www.redesalvatoriana.org.br\/divino\/blog\/#\/schema\/person\/5084b9840b2eeaf7960372eea931cdfd"},"breadcrumb":{"@id":"https:\/\/www.redesalvatoriana.org.br\/divino\/blog\/2022\/03\/29\/hormonio-do-sono-o-que-saber\/#breadcrumb"},"inLanguage":"pt-BR","potentialAction":[{"@type":"ReadAction","target":["https:\/\/www.redesalvatoriana.org.br\/divino\/blog\/2022\/03\/29\/hormonio-do-sono-o-que-saber\/"]}]},{"@type":"BreadcrumbList","@id":"https:\/\/www.redesalvatoriana.org.br\/divino\/blog\/2022\/03\/29\/hormonio-do-sono-o-que-saber\/#breadcrumb","itemListElement":[{"@type":"ListItem","position":1,"name":"Home","item":"https:\/\/www.redesalvatoriana.org.br\/divino\/blog\/"},{"@type":"ListItem","position":2,"name":"Horm\u00f4nio do sono: o que saber?"}]},{"@type":"Person","@id":"https:\/\/www.redesalvatoriana.org.br\/divino\/blog\/#\/schema\/person\/5084b9840b2eeaf7960372eea931cdfd","name":"Hospital Salvatoriano Divino Salvador","image":{"@type":"ImageObject","@id":"https:\/\/www.redesalvatoriana.org.br\/divino\/blog\/#personlogo","inLanguage":"pt-BR","url":"https:\/\/secure.gravatar.com\/avatar\/f6db265bbdc8bd4b0db118af6359d3f6?s=96&d=mm&r=g","contentUrl":"https:\/\/secure.gravatar.com\/avatar\/f6db265bbdc8bd4b0db118af6359d3f6?s=96&d=mm&r=g","caption":"Hospital Salvatoriano Divino Salvador"},"url":"https:\/\/www.redesalvatoriana.org.br\/divino\/blog\/author\/hsds\/"}]}},"_links":{"self":[{"href":"https:\/\/www.redesalvatoriana.org.br\/divino\/blog\/wp-json\/wp\/v2\/posts\/919"}],"collection":[{"href":"https:\/\/www.redesalvatoriana.org.br\/divino\/blog\/wp-json\/wp\/v2\/posts"}],"about":[{"href":"https:\/\/www.redesalvatoriana.org.br\/divino\/blog\/wp-json\/wp\/v2\/types\/post"}],"author":[{"embeddable":true,"href":"https:\/\/www.redesalvatoriana.org.br\/divino\/blog\/wp-json\/wp\/v2\/users\/2"}],"replies":[{"embeddable":true,"href":"https:\/\/www.redesalvatoriana.org.br\/divino\/blog\/wp-json\/wp\/v2\/comments?post=919"}],"version-history":[{"count":1,"href":"https:\/\/www.redesalvatoriana.org.br\/divino\/blog\/wp-json\/wp\/v2\/posts\/919\/revisions"}],"predecessor-version":[{"id":922,"href":"https:\/\/www.redesalvatoriana.org.br\/divino\/blog\/wp-json\/wp\/v2\/posts\/919\/revisions\/922"}],"wp:featuredmedia":[{"embeddable":true,"href":"https:\/\/www.redesalvatoriana.org.br\/divino\/blog\/wp-json\/wp\/v2\/media\/921"}],"wp:attachment":[{"href":"https:\/\/www.redesalvatoriana.org.br\/divino\/blog\/wp-json\/wp\/v2\/media?parent=919"}],"wp:term":[{"taxonomy":"category","embeddable":true,"href":"https:\/\/www.redesalvatoriana.org.br\/divino\/blog\/wp-json\/wp\/v2\/categories?post=919"},{"taxonomy":"post_tag","embeddable":true,"href":"https:\/\/www.redesalvatoriana.org.br\/divino\/blog\/wp-json\/wp\/v2\/tags?post=919"}],"curies":[{"name":"wp","href":"https:\/\/api.w.org\/{rel}","templated":true}]}}